{"id":10870,"date":"2017-04-20T16:16:04","date_gmt":"2017-04-20T14:16:04","guid":{"rendered":"https:\/\/www.sibuscascoche.com\/noticias\/?p=10870"},"modified":"2017-04-20T16:16:04","modified_gmt":"2017-04-20T14:16:04","slug":"rallye-portugal-2017-espectaculo-diversion-nivel-wrc","status":"publish","type":"post","link":"https:\/\/www.sibuscascoche.com\/noticias\/2017\/rallye-portugal-2017-espectaculo-diversion-nivel-wrc\/","title":{"rendered":"Rally de Portugal 2017: espect\u00e1culo y diversi\u00f3n nivel WRC"},"content":{"rendered":"<p>La edici\u00f3n n\u00famero <strong>51 del Rally de Portugal<\/strong> se disputar\u00e1 <strong>entre el 18 y el 21 del pr\u00f3ximo mes de mayo<\/strong> y ya tenemos toda la informaci\u00f3n sobre los <strong>itinerarios<\/strong> y las <strong>novedades<\/strong> para este a\u00f1o. Se espera una gran competencia entre los participantes y mucho <strong>espect\u00e1culo<\/strong> para todos los aficionados que quieran disfrutar en directo de la popular <strong>prueba del WRC<\/strong>.<\/p>\n<p>La presente edici\u00f3n se disputar\u00e1 en las zonas del <strong>norte del pa\u00eds<\/strong>\u00a0en las dif\u00edciles carreteras t\u00e9cnicas de Matosinhos, localidad muy pr\u00f3xima a Oporto. Las <strong>pistas de tierra<\/strong> por las que transcurre garantizan el agarre para los primeros en disputar los tramos en sus primeras pasadas pero suponen un gran desaf\u00edo en las segundas pasadas y a menudo requieren un aumento en la altura de los coches para evitar da\u00f1os mec\u00e1nicos.<\/p>\n<p>El <strong>jueves<\/strong> por la tarde la prueba comienza en el castillo de Guimaraes seguido por una multitudinaria s\u00faper especial en el circuito de rallycross de Lousada. El <strong>viernes<\/strong>\u00a0el rally se dirige al norte para las especiales reconfiguradas alrededor del <strong>Viana do Castelo<\/strong>, cerca de la frontera con Espa\u00f1a. Como novedad este a\u00f1o incluye un <strong>doble tramo urbano de 1.90 km en el centro de Braga<\/strong> al final del d\u00eda que reemplaza la especial similar del a\u00f1o pasado en Oporto.<\/p>\n<p><img loading=\"lazy\" decoding=\"async\" class=\"alignright size-full wp-image-10875\" alt=\"rally-portugal-2017\" src=\"https:\/\/www.sibuscascoche.com\/noticias\/wp-content\/uploads\/2017\/04\/Rally-de-Portugal-2017-publico.jpg\" width=\"300\" height=\"200\" \/>El <strong>s\u00e1bado<\/strong> es el d\u00eda m\u00e1s largo, se diputa en las exigentes pistas de las <strong>monta\u00f1as de Cebreira<\/strong> e incluye una nueva especial. Ya el <strong>domingo<\/strong> la prueba transcurre \u00edntegramente en el municipio de <strong>Fafe<\/strong>, lugar donde se concentran edici\u00f3n tras edici\u00f3n miles de aficionados. Ser\u00e1n cuatro las especiales, entre ellas una doble pasada sobre el m\u00edtico tramo.<\/p>\n<p>Al igual que en pasadas ediciones, el Rally de Portugal 2017 volver\u00e1 a contar con <strong>varias \u201cZonas Espect\u00e1culo\u201d<\/strong>, en las que se reservar\u00e1 una gran \u00e1rea para que el p\u00fablico pueda disfrutar de la prueba sin que exista riesgo alguno para la<strong> seguridad<\/strong> tanto de los aficionados como de los pilotos. El acceso a estas zonas solo ser\u00e1 posible a partir de una hora definida para cada tramo, normalmente cinco horas antes de la salida del primer participante.<\/p>\n<p>El <strong>espect\u00e1culo<\/strong> y la <strong>diversi\u00f3n<\/strong> est\u00e1n aseguradas para la edici\u00f3n 2017 del Rally de Portugal, una prueba que se disput\u00f3 por <strong>primera vez en el a\u00f1o 1967<\/strong> y que pas\u00f3 a formar parte del calendario del WRC en 1973. Esta prueba, que inicialmente era de superficie mixta y que m\u00e1s tarde cambi\u00f3 su formato a<strong> solo tierra<\/strong>, ha sido nombrado hasta en cinco ocasiones \u201c<strong>Mejor Rally del Mundo<\/strong>\u201d<\/p>\n","protected":false},"excerpt":{"rendered":"<p>La edici\u00f3n n\u00famero 51 del Rally de Portugal se disputar\u00e1 entre el 18 y el 21 del pr\u00f3ximo mes de mayo y ya tenemos toda la informaci\u00f3n sobre los itinerarios<\/p>\n","protected":false},"author":6,"featured_media":10876,"comment_status":"closed","ping_status":"open","sticky":false,"template":"","format":"standard","meta":{"footnotes":""},"categories":[1],"tags":[],"class_list":["post-10870","post","type-post","status-publish","format-standard","has-post-thumbnail","hentry","category-actualidad"],"_links":{"self":[{"href":"https:\/\/www.sibuscascoche.com\/noticias\/wp-json\/wp\/v2\/posts\/10870","targetHints":{"allow":["GET"]}}],"collection":[{"href":"https:\/\/www.sibuscascoche.com\/noticias\/wp-json\/wp\/v2\/posts"}],"about":[{"href":"https:\/\/www.sibuscascoche.com\/noticias\/wp-json\/wp\/v2\/types\/post"}],"author":[{"embeddable":true,"href":"https:\/\/www.sibuscascoche.com\/noticias\/wp-json\/wp\/v2\/users\/6"}],"replies":[{"embeddable":true,"href":"https:\/\/www.sibuscascoche.com\/noticias\/wp-json\/wp\/v2\/comments?post=10870"}],"version-history":[{"count":11,"href":"https:\/\/www.sibuscascoche.com\/noticias\/wp-json\/wp\/v2\/posts\/10870\/revisions"}],"predecessor-version":[{"id":10885,"href":"https:\/\/www.sibuscascoche.com\/noticias\/wp-json\/wp\/v2\/posts\/10870\/revisions\/10885"}],"wp:featuredmedia":[{"embeddable":true,"href":"https:\/\/www.sibuscascoche.com\/noticias\/wp-json\/wp\/v2\/media\/10876"}],"wp:attachment":[{"href":"https:\/\/www.sibuscascoche.com\/noticias\/wp-json\/wp\/v2\/media?parent=10870"}],"wp:term":[{"taxonomy":"category","embeddable":true,"href":"https:\/\/www.sibuscascoche.com\/noticias\/wp-json\/wp\/v2\/categories?post=10870"},{"taxonomy":"post_tag","embeddable":true,"href":"https:\/\/www.sibuscascoche.com\/noticias\/wp-json\/wp\/v2\/tags?post=10870"}],"curies":[{"name":"wp","href":"https:\/\/api.w.org\/{rel}","templated":true}]}}