{"id":10823,"date":"2017-05-05T15:45:42","date_gmt":"2017-05-05T13:45:42","guid":{"rendered":"https:\/\/www.sibuscascoche.com\/noticias\/?p=10823"},"modified":"2017-05-05T15:45:42","modified_gmt":"2017-05-05T13:45:42","slug":"volkswagen-id-buzz-en-ginebra","status":"publish","type":"post","link":"https:\/\/www.sibuscascoche.com\/noticias\/2017\/volkswagen-id-buzz-en-ginebra\/","title":{"rendered":"Volkswagen ID BUZZ en Ginebra"},"content":{"rendered":"<p>El hermano mayor de la septuagenaria T1, se present\u00f3 recientemente en el <strong>Sal\u00f3n del Autom\u00f3vil de Ginebra<\/strong>, en la que fue su segunda aparici\u00f3n p\u00fablica meses despu\u00e9s de que los primeros detalles sobre ella fueran ofrecidos en Detroit.<\/p>\n<p>Entre estas dos apariciones hubo una <strong>sesi\u00f3n de fotos en Miami<\/strong> con los dos \u201cmonovol\u00famenes\u201d en los que se puso de manifiesto que los a\u00f1os no pasan en balde, sobre todo porque, por parecidos f\u00edsicos que se puedan encontrar entre las dos, que se pueden, el nuevo ID BUZZ est\u00e1 pensado para convertirse en el coche del futuro gracias a sus sistemas e innovaciones.<\/p>\n<p><img loading=\"lazy\" decoding=\"async\" class=\"size-full wp-image-10826 alignright\" alt=\"Volkswagen ocasi\u00f3n\" src=\"https:\/\/www.sibuscascoche.com\/noticias\/wp-content\/uploads\/2017\/04\/id-buzz-interior.jpg\" width=\"300\" height=\"200\" \/><\/p>\n<p>Uno de los m\u00e1s importantes es el hecho de que ser\u00e1 un coche el\u00e9ctrico con una <strong>autonom\u00eda de unos 600 kil\u00f3metros<\/strong>, lo que permitir\u00e1 sacar estos autom\u00f3viles del \u00e1mbito de las ciudades para convertirlos en due\u00f1os de la carretera. Esta autonom\u00eda es posible gracias a que las bater\u00edas de litio ir\u00e1n en los bajos del autom\u00f3vil lo que otorga otro beneficio adicional, la cantidad de espacio que se podr\u00e1 disfrutar en el interior, tanto para pasajeros como para carga. Las dimensiones del veh\u00edculo son posibles en gran medida porque <strong>estar\u00e1 fabricado en el MEB, la nueva Plataforma Modular El\u00e9ctrica de Volkswagen.<\/strong><\/p>\n<p>La caracter\u00edstica que destaca especialmente de este veh\u00edculo tiene que ver con la <strong>conducci\u00f3n<\/strong>, que ser\u00e1 <strong>aut\u00f3noma gracias al ID Pilot<\/strong> que permitir\u00e1 que el coche tome el control de los mandos y conduzca gracias al sistema de c\u00e1maras, indicadores y controles que reconocer\u00e1n todo a su alrededor. El conductor solo tendr\u00e1 que presionar el volante y este se introducir\u00e1 en el salpicadero, permitiendo, adem\u00e1s, que el asiento del mismo se pueda cambiar de posici\u00f3n para que el viaje pueda ser incluso m\u00e1s confortable.<\/p>\n<p>El ID BUZZ es sin duda un coche que <strong>marcar\u00e1 nuestro futuro cercano<\/strong>, tanto por su autonom\u00eda (pese a ser el\u00e9ctrico) como por sus caracter\u00edsticas de dise\u00f1o y espaciales.<\/p>\n","protected":false},"excerpt":{"rendered":"<p>El hermano mayor de la septuagenaria T1, se present\u00f3 recientemente en el Sal\u00f3n del Autom\u00f3vil de Ginebra, en la que fue su segunda aparici\u00f3n p\u00fablica meses despu\u00e9s de que los<\/p>\n","protected":false},"author":1,"featured_media":10825,"comment_status":"closed","ping_status":"open","sticky":false,"template":"","format":"standard","meta":{"footnotes":""},"categories":[1],"tags":[],"class_list":["post-10823","post","type-post","status-publish","format-standard","has-post-thumbnail","hentry","category-actualidad"],"_links":{"self":[{"href":"https:\/\/www.sibuscascoche.com\/noticias\/wp-json\/wp\/v2\/posts\/10823","targetHints":{"allow":["GET"]}}],"collection":[{"href":"https:\/\/www.sibuscascoche.com\/noticias\/wp-json\/wp\/v2\/posts"}],"about":[{"href":"https:\/\/www.sibuscascoche.com\/noticias\/wp-json\/wp\/v2\/types\/post"}],"author":[{"embeddable":true,"href":"https:\/\/www.sibuscascoche.com\/noticias\/wp-json\/wp\/v2\/users\/1"}],"replies":[{"embeddable":true,"href":"https:\/\/www.sibuscascoche.com\/noticias\/wp-json\/wp\/v2\/comments?post=10823"}],"version-history":[{"count":4,"href":"https:\/\/www.sibuscascoche.com\/noticias\/wp-json\/wp\/v2\/posts\/10823\/revisions"}],"predecessor-version":[{"id":11178,"href":"https:\/\/www.sibuscascoche.com\/noticias\/wp-json\/wp\/v2\/posts\/10823\/revisions\/11178"}],"wp:featuredmedia":[{"embeddable":true,"href":"https:\/\/www.sibuscascoche.com\/noticias\/wp-json\/wp\/v2\/media\/10825"}],"wp:attachment":[{"href":"https:\/\/www.sibuscascoche.com\/noticias\/wp-json\/wp\/v2\/media?parent=10823"}],"wp:term":[{"taxonomy":"category","embeddable":true,"href":"https:\/\/www.sibuscascoche.com\/noticias\/wp-json\/wp\/v2\/categories?post=10823"},{"taxonomy":"post_tag","embeddable":true,"href":"https:\/\/www.sibuscascoche.com\/noticias\/wp-json\/wp\/v2\/tags?post=10823"}],"curies":[{"name":"wp","href":"https:\/\/api.w.org\/{rel}","templated":true}]}}