{"id":10794,"date":"2017-05-05T16:06:03","date_gmt":"2017-05-05T14:06:03","guid":{"rendered":"https:\/\/www.sibuscascoche.com\/noticias\/?p=10794"},"modified":"2017-05-05T16:06:03","modified_gmt":"2017-05-05T14:06:03","slug":"audi-q8-concept-dinamico-eficiente","status":"publish","type":"post","link":"https:\/\/www.sibuscascoche.com\/noticias\/2017\/audi-q8-concept-dinamico-eficiente\/","title":{"rendered":"Audi Q8 concept, din\u00e1mico y eficiente"},"content":{"rendered":"<p>El Sal\u00f3n del Autom\u00f3vil de Ginebra es el escaparate perfecto para presentar los coches de los que podremos disfrutar en el futuro, como el nuevo <strong>Audi Q8, un formidable SUV<\/strong> de m\u00e1s de 5 metros, con capacidad para 4 personas y 360 litros de maletero. Pese a ser un todocamino, el <strong>dise\u00f1o recuerda m\u00e1s a un coup\u00e9, con aire incluso deportivo<\/strong>. Perfecto para todos aquellos que prefieren un estilo algo m\u00e1s elegante, en contraposici\u00f3n con los SUV de formas m\u00e1s robustas.<\/p>\n<p><img loading=\"lazy\" decoding=\"async\" class=\"size-full wp-image-10797 alignright\" alt=\"Audi barato\" src=\"https:\/\/www.sibuscascoche.com\/noticias\/wp-content\/uploads\/2017\/04\/Audi-Q8-concept-interior.jpg\" width=\"300\" height=\"200\" \/><\/p>\n<p>En el interior, <strong>la pantalla se repliega<\/strong> cuando no se est\u00e1 usando, lo que permite que las l\u00edneas fluyan en armon\u00eda. Pero en uso, controla la mayor\u00eda de los sistemas del veh\u00edculo, incluido el<strong> head-up display<\/strong> que <strong>proyecta im\u00e1genes directamente sobre el parabrisas<\/strong>, lo que permite que las im\u00e1genes aparezcan en el campo de visi\u00f3n directo del conductor, as\u00ed no tiene que apartar la vista de la carretera en ning\u00fan momento. En el caso del navegador, por ejemplo, la flecha de se\u00f1alizaci\u00f3n aparece en la misma posici\u00f3n que la que podemos ver en la carretera, por lo que la conducci\u00f3n resulta m\u00e1s sencilla gracias a esta aplicaci\u00f3n inteligente de <strong>\u201crealidad aumentada\u201d<\/strong>.<\/p>\n<p>En cuanto al motor, hay algo que destaca por encima de todo lo dem\u00e1s, su <strong>sistema de propulsi\u00f3n h\u00edbrido enchufable<\/strong> de 330 kW (449 CV), compuesto por un <strong>motor de combusti\u00f3n de 3.0 TFSI<\/strong> y 245 kW (333 CV) y un <strong>motor el\u00e9ctrico de 100 kW<\/strong>. La autonom\u00eda de la bater\u00eda de litio es de unos <strong>60 km<\/strong>, ya que est\u00e1 pensada para usarse, sobre todo, en <strong>maniobras de aparcamiento y en conducci\u00f3n por ciudad a baja velocidad<\/strong>. Por carretera la combinaci\u00f3n con el motor TFSI le proporciona una <strong>autonom\u00eda de m\u00e1s de 1000 km<\/strong>. El Audi Q8 concept combinar\u00e1 dinamismo y eficiencia para proyectar la visi\u00f3n que Audi tiene del futuro de la automoci\u00f3n y que demuestra el potencial que tiene la gama Q8.<\/p>\n","protected":false},"excerpt":{"rendered":"<p>El Sal\u00f3n del Autom\u00f3vil de Ginebra es el escaparate perfecto para presentar los coches de los que podremos disfrutar en el futuro, como el nuevo Audi Q8, un formidable SUV<\/p>\n","protected":false},"author":1,"featured_media":10796,"comment_status":"closed","ping_status":"open","sticky":false,"template":"","format":"standard","meta":{"footnotes":""},"categories":[1],"tags":[],"class_list":["post-10794","post","type-post","status-publish","format-standard","has-post-thumbnail","hentry","category-actualidad"],"_links":{"self":[{"href":"https:\/\/www.sibuscascoche.com\/noticias\/wp-json\/wp\/v2\/posts\/10794","targetHints":{"allow":["GET"]}}],"collection":[{"href":"https:\/\/www.sibuscascoche.com\/noticias\/wp-json\/wp\/v2\/posts"}],"about":[{"href":"https:\/\/www.sibuscascoche.com\/noticias\/wp-json\/wp\/v2\/types\/post"}],"author":[{"embeddable":true,"href":"https:\/\/www.sibuscascoche.com\/noticias\/wp-json\/wp\/v2\/users\/1"}],"replies":[{"embeddable":true,"href":"https:\/\/www.sibuscascoche.com\/noticias\/wp-json\/wp\/v2\/comments?post=10794"}],"version-history":[{"count":4,"href":"https:\/\/www.sibuscascoche.com\/noticias\/wp-json\/wp\/v2\/posts\/10794\/revisions"}],"predecessor-version":[{"id":10800,"href":"https:\/\/www.sibuscascoche.com\/noticias\/wp-json\/wp\/v2\/posts\/10794\/revisions\/10800"}],"wp:featuredmedia":[{"embeddable":true,"href":"https:\/\/www.sibuscascoche.com\/noticias\/wp-json\/wp\/v2\/media\/10796"}],"wp:attachment":[{"href":"https:\/\/www.sibuscascoche.com\/noticias\/wp-json\/wp\/v2\/media?parent=10794"}],"wp:term":[{"taxonomy":"category","embeddable":true,"href":"https:\/\/www.sibuscascoche.com\/noticias\/wp-json\/wp\/v2\/categories?post=10794"},{"taxonomy":"post_tag","embeddable":true,"href":"https:\/\/www.sibuscascoche.com\/noticias\/wp-json\/wp\/v2\/tags?post=10794"}],"curies":[{"name":"wp","href":"https:\/\/api.w.org\/{rel}","templated":true}]}}