{"id":10705,"date":"2017-04-28T14:08:31","date_gmt":"2017-04-28T12:08:31","guid":{"rendered":"https:\/\/www.sibuscascoche.com\/noticias\/?p=10705"},"modified":"2017-04-28T14:08:31","modified_gmt":"2017-04-28T12:08:31","slug":"suv-compacto-volvo-xc60-debuta-ginebra","status":"publish","type":"post","link":"https:\/\/www.sibuscascoche.com\/noticias\/2017\/suv-compacto-volvo-xc60-debuta-ginebra\/","title":{"rendered":"El SUV compacto de Volvo, el XC60, debuta en Ginebra"},"content":{"rendered":"<p>Nueve a\u00f1os despu\u00e9s de que saliera al mercado el primer <strong>Volvo XC60<\/strong>, la marca sueca acaba de presentar en el Sal\u00f3n del Autom\u00f3vil de Ginebra la segunda generaci\u00f3n del modelo. Sin perder la esencia <a href=\"https:\/\/www.sibuscascoche.com\/coches-ocasion\/volvo\/xc60\" target=\"_blank\">del que le precede<\/a>, el nuevo XC60 presenta unas l\u00edneas m\u00e1s afiladas que le aportan una imagen m\u00e1s agresiva. Si est\u00e1s pensando en <strong>comprar coche Volvo<\/strong> este a\u00f1o, te interesa conocer los detalles de este <strong>SUV premium<\/strong>.<\/p>\n<p>Con un <strong>aspecto musculoso y din\u00e1mico<\/strong>, el nuevo modelo resulta muy atractivo en el exterior en el que destaca su cintura elevada, unos faros delanteros LED que simulan el martillo de Thor y unos pilotos traseros que dan un paso m\u00e1s al estilo ya conocido de la marca.<\/p>\n<p><img loading=\"lazy\" decoding=\"async\" class=\"alignright size-full wp-image-10708\" title=\"El SUV compacto de Volvo, el XC60, debuta en Ginebra | Sibuscascoche.com\" alt=\"comprar-coche-volvo-XC60-interior\" src=\"https:\/\/www.sibuscascoche.com\/noticias\/wp-content\/uploads\/2017\/03\/comprar-coche-volvo-XC60-interior.jpg\" width=\"300\" height=\"200\" \/><\/p>\n<p>Sin embargo, <strong>el cambio m\u00e1s radical lo vemos en su interior<\/strong>. Es <strong>espacioso y luminoso<\/strong> gracias a su techo acristalado y en \u00e9l destacan las grandes proporciones de su puente central y el protagonismo de la pantalla t\u00e1ctil de su salpicadero, <strong>centro de entretenimiento multimedia<\/strong> del veh\u00edculo con <strong>CarPlay<\/strong> y <strong>Android Auto<\/strong>. Todo ello con unos <strong>acabados interiores impecables<\/strong>\u00a0y de gran calidad.<\/p>\n<p>Como es habitual en la marca, <strong>la seguridad es una de sus principales fortalezas<\/strong>. Como novedad incluye un sistema denominado <strong>Oncoming Lane Mitigation<\/strong> para prevenir las colisiones frontales y que puede trabajar en combinaci\u00f3n con el <strong>sistema de frenada de seguridad<\/strong> y con el <strong>detector de \u00e1ngulo muerto (BLIS)<\/strong>. Con ello se reduce tambi\u00e9n el riesgo de colisiones al cambiar de carril en carretera. Existe adem\u00e1s una opci\u00f3n de equipamiento con un <strong>sistema de asistencia semi-aut\u00f3noma al conductor<\/strong> que se encarga, en carreteras en buen estado, de manejar la direcci\u00f3n, el acelerador y el freno hasta una velocidad de 130 KM\/h.<\/p>\n<p>En t\u00e9rminos de <strong>rendimiento<\/strong>, y apuntando a lo m\u00e1s alto, el nuevo Volvo XC60 monta el bloque de gasolina <strong>T8 Twin Engine<\/strong> -h\u00edbrido enchufable- que ofrece<strong> 407 CV<\/strong> y le permite acelerar <strong>de 0 a 100 km\/h en apenas 5,3 segundos<\/strong>. Pero esta no es la \u00fanica opci\u00f3n. Se lanzar\u00e1 tambi\u00e9n con un<strong> di\u00e9sel D4<\/strong> <strong>con 190 CV<\/strong> y el<strong> D5 con tecnolog\u00eda PowerPulse y 235 CV<\/strong>. En el apartado de <strong>gasolina<\/strong>, figuran el <strong>T5 con 254 CV<\/strong> y el <strong>T6, capaz de ofrecer 320 CV y 400 Nm de par.<\/strong><\/p>\n<p>Este SUV premium de la marca Volvo era una de las novedades m\u00e1s esperadas del Sal\u00f3n del Automovil de Ginebra y no ha decepcionado. Est\u00e1 previsto que su <strong>producci\u00f3n se inicie el pr\u00f3ximo mes de abril en la planta de Torslanda en Suecia.<\/strong><\/p>\n","protected":false},"excerpt":{"rendered":"<p>Nueve a\u00f1os despu\u00e9s de que saliera al mercado el primer Volvo XC60, la marca sueca acaba de presentar en el Sal\u00f3n del Autom\u00f3vil de Ginebra la segunda generaci\u00f3n del modelo.<\/p>\n","protected":false},"author":6,"featured_media":10707,"comment_status":"closed","ping_status":"open","sticky":false,"template":"","format":"standard","meta":{"footnotes":""},"categories":[1,8],"tags":[1073,129,1134],"class_list":["post-10705","post","type-post","status-publish","format-standard","has-post-thumbnail","hentry","category-actualidad","category-lanzamientos","tag-premium","tag-suv","tag-volvo-xc60"],"_links":{"self":[{"href":"https:\/\/www.sibuscascoche.com\/noticias\/wp-json\/wp\/v2\/posts\/10705","targetHints":{"allow":["GET"]}}],"collection":[{"href":"https:\/\/www.sibuscascoche.com\/noticias\/wp-json\/wp\/v2\/posts"}],"about":[{"href":"https:\/\/www.sibuscascoche.com\/noticias\/wp-json\/wp\/v2\/types\/post"}],"author":[{"embeddable":true,"href":"https:\/\/www.sibuscascoche.com\/noticias\/wp-json\/wp\/v2\/users\/6"}],"replies":[{"embeddable":true,"href":"https:\/\/www.sibuscascoche.com\/noticias\/wp-json\/wp\/v2\/comments?post=10705"}],"version-history":[{"count":7,"href":"https:\/\/www.sibuscascoche.com\/noticias\/wp-json\/wp\/v2\/posts\/10705\/revisions"}],"predecessor-version":[{"id":11060,"href":"https:\/\/www.sibuscascoche.com\/noticias\/wp-json\/wp\/v2\/posts\/10705\/revisions\/11060"}],"wp:featuredmedia":[{"embeddable":true,"href":"https:\/\/www.sibuscascoche.com\/noticias\/wp-json\/wp\/v2\/media\/10707"}],"wp:attachment":[{"href":"https:\/\/www.sibuscascoche.com\/noticias\/wp-json\/wp\/v2\/media?parent=10705"}],"wp:term":[{"taxonomy":"category","embeddable":true,"href":"https:\/\/www.sibuscascoche.com\/noticias\/wp-json\/wp\/v2\/categories?post=10705"},{"taxonomy":"post_tag","embeddable":true,"href":"https:\/\/www.sibuscascoche.com\/noticias\/wp-json\/wp\/v2\/tags?post=10705"}],"curies":[{"name":"wp","href":"https:\/\/api.w.org\/{rel}","templated":true}]}}