{"id":10690,"date":"2017-04-28T14:05:57","date_gmt":"2017-04-28T12:05:57","guid":{"rendered":"https:\/\/www.sibuscascoche.com\/noticias\/?p=10690"},"modified":"2023-01-24T10:00:34","modified_gmt":"2023-01-24T09:00:34","slug":"grupo-psa-acaba-comprar-opel-general-motors","status":"publish","type":"post","link":"https:\/\/www.sibuscascoche.com\/noticias\/2017\/grupo-psa-acaba-comprar-opel-general-motors\/","title":{"rendered":"El Grupo PSA acaba de comprar Opel a General Motors"},"content":{"rendered":"<p>Hac\u00eda ya un tiempo que se hablaba de la intenci\u00f3n del Grupo PSA de <strong>comprar Opel, <\/strong>marca perteneciente a General Motors. Finalmente se ha confirmado la operaci\u00f3n<strong>&nbsp;por un importe de 2.000 millones de euros<\/strong>. Con esta adquisici\u00f3n, PSA Peugeot-Citro\u00ebn se convertir\u00e1 en el segundo grupo automovil\u00edstico de Europa, posici\u00f3n que arrebata al grupo <strong>Renault<\/strong> y tan s\u00f3lo superado por el gigantesco grupo <strong>Volkswagen<\/strong>.<\/p>\n<p>La sociedad resultante <strong>fabricar\u00e1 m\u00e1s de cinco millones de autom\u00f3viles<\/strong> en todo el mundo y generar\u00e1 2.000 millones de euros en sinergias gracias al desarrollo y utilizaci\u00f3n conjuntas de plataformas y motores. El nuevo grupo tendr\u00e1 una <strong>cuota de mercado del 17 %<\/strong> y sumar\u00e1 <strong>13.000 empleos en Espa\u00f1a<\/strong> con tres f\u00e1bricas en Zaragoza, Vigo y Madrid.<\/p>\n<p><img loading=\"lazy\" decoding=\"async\" class=\"alignright size-full wp-image-10695\" alt=\"Peugeot-Citroen-comprar-Opel\" src=\"https:\/\/www.sibuscascoche.com\/noticias\/wp-content\/uploads\/2017\/03\/PSA-Peugeot-Citroen-compra-Opel-acuerdo.jpg\" width=\"300\" height=\"200\"><\/p>\n<p>Las dos marcas<strong> ya cooperan actualmente en la construcci\u00f3n de algunos modelos de autom\u00f3viles<\/strong>. Por ejemplo, en el desarrollo de un utilitario que saldr\u00e1 el a\u00f1o que viene de la f\u00e1brica de PSA en Vigo. En Zaragoza, tambi\u00e9n se fabricar\u00e1 un peque\u00f1o monovolumen desarrollado por ambas marcas, as\u00ed como un todoterreno de uso urbano que se construir\u00e1 en Doubs (Francia).<\/p>\n<p>Asimismo, <strong>el acuerdo incluye seis plantas de montaje y cinco f\u00e1bricas de componentes que dan empleo a unos 40.000 trabajadores<\/strong>. Para ellos, PSA ha anunciado que mantendr\u00e1 los planes de pensiones, exceptuando algunos casos muy concretos y \u00fanicamente en Alemania. Por su parte, General Motors s\u00ed que conservar\u00e1 el centro de ingenier\u00eda que posee en Tur\u00edn -Italia-, lo que significa que <strong>durante los pr\u00f3ximos a\u00f1os los Opel seguir\u00e1n utilizando tecnolog\u00eda proveniente de General Motors<\/strong> hasta que se hagan efectivos los futuros cambios generacionales.<\/p>\n<p>Entre los principales objetivos del Grupo PSA est\u00e1 <strong>la rentabilidad de Opel ya en el a\u00f1o 2020<\/strong>, una cuesti\u00f3n importante teniendo en cuenta que la firma de R\u00fcsselsheim lleva 16 a\u00f1os seguidos perdiendo dinero. Adem\u00e1s, <strong>PSA se convertir\u00e1 en el mayor fabricante de veh\u00edculos en Espa\u00f1a y en el noveno en todo el mundo<\/strong>.<\/p>\n","protected":false},"excerpt":{"rendered":"<p>Hac\u00eda ya un tiempo que se hablaba de la intenci\u00f3n del Grupo PSA de comprar Opel, marca perteneciente a General Motors. Finalmente se ha confirmado la operaci\u00f3n&nbsp;por un importe de<\/p>\n","protected":false},"author":6,"featured_media":17753,"comment_status":"closed","ping_status":"open","sticky":false,"template":"","format":"standard","meta":{"footnotes":""},"categories":[1],"tags":[148,1133,41,125],"class_list":["post-10690","post","type-post","status-publish","format-standard","has-post-thumbnail","hentry","category-actualidad","tag-citroen","tag-grupo-psa","tag-opel","tag-peugeot"],"_links":{"self":[{"href":"https:\/\/www.sibuscascoche.com\/noticias\/wp-json\/wp\/v2\/posts\/10690","targetHints":{"allow":["GET"]}}],"collection":[{"href":"https:\/\/www.sibuscascoche.com\/noticias\/wp-json\/wp\/v2\/posts"}],"about":[{"href":"https:\/\/www.sibuscascoche.com\/noticias\/wp-json\/wp\/v2\/types\/post"}],"author":[{"embeddable":true,"href":"https:\/\/www.sibuscascoche.com\/noticias\/wp-json\/wp\/v2\/users\/6"}],"replies":[{"embeddable":true,"href":"https:\/\/www.sibuscascoche.com\/noticias\/wp-json\/wp\/v2\/comments?post=10690"}],"version-history":[{"count":6,"href":"https:\/\/www.sibuscascoche.com\/noticias\/wp-json\/wp\/v2\/posts\/10690\/revisions"}],"predecessor-version":[{"id":17755,"href":"https:\/\/www.sibuscascoche.com\/noticias\/wp-json\/wp\/v2\/posts\/10690\/revisions\/17755"}],"wp:featuredmedia":[{"embeddable":true,"href":"https:\/\/www.sibuscascoche.com\/noticias\/wp-json\/wp\/v2\/media\/17753"}],"wp:attachment":[{"href":"https:\/\/www.sibuscascoche.com\/noticias\/wp-json\/wp\/v2\/media?parent=10690"}],"wp:term":[{"taxonomy":"category","embeddable":true,"href":"https:\/\/www.sibuscascoche.com\/noticias\/wp-json\/wp\/v2\/categories?post=10690"},{"taxonomy":"post_tag","embeddable":true,"href":"https:\/\/www.sibuscascoche.com\/noticias\/wp-json\/wp\/v2\/tags?post=10690"}],"curies":[{"name":"wp","href":"https:\/\/api.w.org\/{rel}","templated":true}]}}