{"id":10673,"date":"2017-03-10T14:03:05","date_gmt":"2017-03-10T13:03:05","guid":{"rendered":"https:\/\/www.sibuscascoche.com\/noticias\/?p=10673"},"modified":"2017-03-17T16:45:44","modified_gmt":"2017-03-17T15:45:44","slug":"primicias-salon-ginebra-2017","status":"publish","type":"post","link":"https:\/\/www.sibuscascoche.com\/noticias\/2017\/primicias-salon-ginebra-2017\/","title":{"rendered":"Lo m\u00e1s destacado del Sal\u00f3n de Ginebra 2017"},"content":{"rendered":"<p>El <strong>Sal\u00f3n de Ginebra<\/strong> es la cita m\u00e1s importante del a\u00f1o para la<strong> industria del autom\u00f3vil<\/strong> a nivel mundial. La que es ya la edici\u00f3n n\u00famero 87 abri\u00f3 sus puertas el pasado d\u00eda 9 de marzo y durante 10 d\u00edas se ha convertido en el lugar escogido por los fabricantes para mostrar sus \u00faltimas novedades. Si est\u00e1s pensando\u00a0en <strong>comprar coche<\/strong>\u00a0no te pierdas detalle de lo que all\u00ed se ha visto.<\/p>\n<p>Durante esta edici\u00f3n 2017 los <strong>deportivos de lujo<\/strong>\u00a0han tenido una marcada presencia. Del mismo modo y seg\u00fan se preve\u00eda, los <strong>motores cero emisiones<\/strong> vuelven a marcar el ritmo de la industria de la mano de la conducci\u00f3n aut\u00f3noma. De entre la gran cantidad de primicias que se han mostrado, destacamos las siguientes:<\/p>\n<p><strong> &#8211; Volkswagen Arteon.\u00a0<\/strong>Los primeros bocetos de esta berlina de corte coup\u00e9 los vimos hace unos meses pero ahora ya lo hemos conocido en persona. Con 5 puertas y 5 plazas, el Arte\u00f3n se posiciona por encima del Passat y ofrece un aspecto deportivo con un toque Premium.<\/p>\n<p><strong>-Volvo XC60<\/strong><img loading=\"lazy\" decoding=\"async\" class=\"alignright size-full wp-image-10674\" title=\"Las primicias de lo que va del Sal\u00f3n de Ginebra 2017 | Sibuscascoche.com\" alt=\"comprar-coche-audi-salon-ginebra\" src=\"https:\/\/www.sibuscascoche.com\/noticias\/wp-content\/uploads\/2017\/03\/comprar-coche-audi-salon-ginebra.jpg\" width=\"300\" height=\"200\" \/>. Se enmarca en el segmento de los SUV medios y empezar\u00e1 a producirse en abril en Suecia. La que es la segunda generaci\u00f3n tras nueve a\u00f1os en el mercado, llega totalmente renovada con nuevas mec\u00e1nicas y nueva plataforma.<\/p>\n<p><strong>-Audi RS 5.\u00a0<\/strong>El nuevo RS 5 Coup\u00e9, la versi\u00f3n deportiva del Audi A5 Coup\u00e9, se suma a la tendencia del downsizing sin renuncair a la potencia: ofrecer\u00e1 450 CV al igual que su predecesor.<\/p>\n<p><strong>&#8211; Porsche 911 GT3.\u00a0<\/strong>Una aut\u00e9ntica \u201cbestia\u201d del asfalto: cuenta con motor atmosf\u00e9rico b\u00f3xer de 4.0 litros capaz de desarrollar 500 CV (50 m\u00e1s que su predecesor). Se mantiene pr\u00e1cticamente sin cambios respecto al poderoso 911 GT3 Cup de competici\u00f3n.<\/p>\n<p>&#8211;<strong>Fiat\u00a0Fullback Cross<\/strong>. Esta estilosa pick-up con claros toques italianos ha sido redise\u00f1ada y ha ganado en car\u00e1cter y deportividad. El modelo, que se comercializar\u00e1 en Europa este mismo a\u00f1o, adem\u00e1s de una nueva imagen ha recibido tambi\u00e9n mejores din\u00e1micas y un motor de 180 CV de potencia.<\/p>\n<p>Es tan s\u00f3lo una peque\u00f1a muestra de lo vivido en este evento del motor que cuenta con la presencia de los <strong>fabricantes y preparadores automovil\u00edsticos m\u00e1s importantes del mundo<\/strong> repartidos en<strong> 106.000 metros cuadrados<\/strong> y m\u00e1s de <strong>180 expositores<\/strong>.<\/p>\n","protected":false},"excerpt":{"rendered":"<p>El Sal\u00f3n de Ginebra es la cita m\u00e1s importante del a\u00f1o para la industria del autom\u00f3vil a nivel mundial. La que es ya la edici\u00f3n n\u00famero 87 abri\u00f3 sus puertas<\/p>\n","protected":false},"author":6,"featured_media":10675,"comment_status":"closed","ping_status":"open","sticky":false,"template":"","format":"standard","meta":{"footnotes":""},"categories":[1,9],"tags":[169,1072,184],"class_list":["post-10673","post","type-post","status-publish","format-standard","has-post-thumbnail","hentry","category-actualidad","category-eventos","tag-salon-automovil-ginebra","tag-volkswagen-arteon","tag-volvo"],"_links":{"self":[{"href":"https:\/\/www.sibuscascoche.com\/noticias\/wp-json\/wp\/v2\/posts\/10673","targetHints":{"allow":["GET"]}}],"collection":[{"href":"https:\/\/www.sibuscascoche.com\/noticias\/wp-json\/wp\/v2\/posts"}],"about":[{"href":"https:\/\/www.sibuscascoche.com\/noticias\/wp-json\/wp\/v2\/types\/post"}],"author":[{"embeddable":true,"href":"https:\/\/www.sibuscascoche.com\/noticias\/wp-json\/wp\/v2\/users\/6"}],"replies":[{"embeddable":true,"href":"https:\/\/www.sibuscascoche.com\/noticias\/wp-json\/wp\/v2\/comments?post=10673"}],"version-history":[{"count":9,"href":"https:\/\/www.sibuscascoche.com\/noticias\/wp-json\/wp\/v2\/posts\/10673\/revisions"}],"predecessor-version":[{"id":10721,"href":"https:\/\/www.sibuscascoche.com\/noticias\/wp-json\/wp\/v2\/posts\/10673\/revisions\/10721"}],"wp:featuredmedia":[{"embeddable":true,"href":"https:\/\/www.sibuscascoche.com\/noticias\/wp-json\/wp\/v2\/media\/10675"}],"wp:attachment":[{"href":"https:\/\/www.sibuscascoche.com\/noticias\/wp-json\/wp\/v2\/media?parent=10673"}],"wp:term":[{"taxonomy":"category","embeddable":true,"href":"https:\/\/www.sibuscascoche.com\/noticias\/wp-json\/wp\/v2\/categories?post=10673"},{"taxonomy":"post_tag","embeddable":true,"href":"https:\/\/www.sibuscascoche.com\/noticias\/wp-json\/wp\/v2\/tags?post=10673"}],"curies":[{"name":"wp","href":"https:\/\/api.w.org\/{rel}","templated":true}]}}