{"id":1066,"date":"2014-01-03T12:29:21","date_gmt":"2014-01-03T11:29:21","guid":{"rendered":"https:\/\/www.sibuscascoche.com\/noticias\/?p=1066"},"modified":"2014-01-20T17:21:38","modified_gmt":"2014-01-20T16:21:38","slug":"volkswagen-golf-septima-generacion","status":"publish","type":"post","link":"https:\/\/www.sibuscascoche.com\/noticias\/2014\/volkswagen-golf-septima-generacion\/","title":{"rendered":"Volkswagen Golf, s\u00e9ptima generaci\u00f3n"},"content":{"rendered":"<p style=\"text-align: justify;\"><span style=\"font-size: 14px; line-height: 1.5em;\">El Volkswagen Golf 7 marca el principio de una nueva era. Un dise\u00f1o basado en la innovadora Plataforma Modular Transversal (MQB) que explota su m\u00e1ximo potencial para producir el mejor Golf posible.<\/span><\/p>\n<h5 style=\"text-align: justify;\"><strong>Exterior al detalle, interior equipado<\/strong><\/h5>\n<p style=\"text-align: justify;\"><img loading=\"lazy\" decoding=\"async\" class=\"alignright size-full wp-image-1070\" alt=\"Volkswagen Golf 7 | Sibuscasoche\" src=\"https:\/\/www.sibuscascoche.com\/noticias\/wp-content\/uploads\/2014\/01\/interior-3-golf-7.jpg\" width=\"300\" height=\"200\" \/>Numerosos detalles de equipamiento adicionales caracterizan a este nuevo Golf 7 como las pinzas de freno de color rojo, la t\u00edpica estructura de malla de nido de abeja de las rejillas de las entradas de aire, faros traseros oscurecidos, iluminaci\u00f3n LED de la matr\u00edcula y tubos de escape cromados a la derecha e izquierda con un di\u00e1metro de 80mm.<\/p>\n<p style=\"text-align: justify;\">Tambi\u00e9n se han perfeccionado las llantas GTI cl\u00e1sicas \u201cDenver\u201d, \u201cDetroit\u201d y \u201cGlendale\u201d, con rasgos influenciados de las llantas del modelo anterior. Las llantas, de aleaci\u00f3n ligera pulidas de 17 pulgadas del tipo \u201cBrooklyn\u201d que no solo parecen ligeras sino que adem\u00e1s lo son, podr\u00e1n ser ocasionalmente de 18 pulgadas.<\/p>\n<p><img loading=\"lazy\" decoding=\"async\" class=\"size-full wp-image-1071 alignleft\" alt=\"Volkswagen Golf 7 | Sibuscasoche\" src=\"https:\/\/www.sibuscascoche.com\/noticias\/wp-content\/uploads\/2014\/01\/interior-2-golf-7.jpg\" width=\"300\" height=\"200\" \/>Mucho m\u00e1s din\u00e1mico es el Golf 7 al exterior, con un dise\u00f1o cuyo objetivo es acentuar su car\u00e1cter deportivo y por ello es m\u00e1s bajo y ancho, lo que le da un aspecto desafiante. Equipado con faros antiniebla LED, especialmente dise\u00f1ados, es un llamativo elemento GTI. El perfil rojo delimita la parrilla en el borde inferior, extendi\u00e9ndose por primera vez hasta las carcasas de los faros bi-xen\u00f3n. De este modo, el perfil rojo atraviesa completamente la cara lateral del frontal.<\/p>\n<p style=\"text-align: justify;\">Otro ejemplo de la integraci\u00f3n arm\u00f3nica de los elementos espec\u00edficos del GTI es el nuevo aler\u00f3n de techo, integrado de forma plana en el port\u00f3n trasero y en la carrocer\u00eda.<br \/>\nAsientos deportivos que ofrecen unas caracter\u00edsticas ergon\u00f3micas especialmente buenas. Los asientos delanteros pueden ser ajustados en altura de serie y han sido equipados tambi\u00e9n con un ajuste lumbar manual.<\/p>\n<h5 style=\"text-align: justify;\"><strong>Seguridad<\/strong><\/h5>\n<p style=\"text-align: justify;\"><img loading=\"lazy\" decoding=\"async\" class=\"alignright size-full wp-image-1072\" alt=\"Volkswagen Golf 7 | Sibuscasoche\" src=\"https:\/\/www.sibuscascoche.com\/noticias\/wp-content\/uploads\/2014\/01\/interior-1-golf-7.jpg\" width=\"300\" height=\"200\" \/>La nueva direcci\u00f3n asistida progresiva debuta mundialmente en la s\u00e9ptima generaci\u00f3n del Golf. Gracias a este sistema de direcci\u00f3n, el conductor necesita girar menos el volante para alcanzar los radios deseados. Aparentemente simple, pero verdaderamente revolucionario: mecanismos de direcci\u00f3n convencionales operan con una relaci\u00f3n de transmisi\u00f3n constante. La nueva direcci\u00f3n opcional del Golf 7 opera con una relaci\u00f3n de transmisi\u00f3n progresiva que facilita las maniobras de direcci\u00f3n y estacionamiento. Se producir\u00e1 un aumento de la din\u00e1mica de conducci\u00f3n especialmente en carreteras secundarias muy viradas y en maniobras de giro.<\/p>\n<h5 style=\"text-align: justify;\"><strong>Motores eficientes y reducido consumo<\/strong><\/h5>\n<p style=\"text-align: justify;\">El Golf 7 cuenta con una mejora significativa en el consumo gracias a la reducci\u00f3n de peso conseguida por el innovador sistema de producci\u00f3n. Casi 100 Kg menos combinado con sus dos nuevas l\u00edneas de propulsores, reducen el consumo y sus emisiones en un 23%.<\/p>\n<p style=\"text-align: justify;\">En esta generaci\u00f3n, el motor de gasolina 1.4 TSI, cuenta con una potencia de 140CV y el sistema de Gesti\u00f3n Activa de Cilindros (ACT), tiene un consumo combinado de tan s\u00f3lo 4.8l\/100 Km lo que suponen 112g\/Km de CO2. En lo que respecta a la versi\u00f3n diesel, los propulsores TDI parten del 1.6 de 105CV que cuenta con un consumo total de apenas 3.8l\/100 Km y genera unas emisiones de 99g de CO2Km.<\/p>\n<h5 style=\"text-align: justify;\"><strong>Tecnolog\u00eda a la \u00faltima<\/strong><\/h5>\n<p style=\"text-align: justify;\">La tecnolog\u00eda constituye un referente para Volkswagen y as\u00ed lo demuestra en esta \u00faltima generaci\u00f3n con la protecci\u00f3n proactiva de sus ocupantes gracias al novedoso sistema Pre-Crash, el detector de fatiga, el sistema Front-Assist, que cuenta con la funci\u00f3n de frenado de emergencia en ciudad y frenado anti-colisiones m\u00faltiples de serie. La combinaci\u00f3n de ambos sistemas puede evitar hasta un 25% de los accidentes con da\u00f1os personales.<\/p>\n<div class=\"photo-gallery-shortcode\"><a href=\"#\" class=\"gallery-navi-left\">&nbsp;<\/a><a href=\"#\" class=\"gallery-navi-right\">&nbsp;<\/a><ul><li class=\"active\"><img loading=\"lazy\" decoding=\"async\" src=\"https:\/\/www.sibuscascoche.com\/noticias\/wp-content\/uploads\/2014\/01\/golf-7-12-660x394.jpg\" class=\"setborder\" width=\"660\" height=\"394\" alt=\"Volkswagen Golf\" title=\"Volkswagen Golf\" \/><\/li><li class=\"active\"><img loading=\"lazy\" decoding=\"async\" src=\"https:\/\/www.sibuscascoche.com\/noticias\/wp-content\/uploads\/2014\/01\/golf-7-2-660x394.jpg\" class=\"setborder\" width=\"660\" height=\"394\" alt=\"Volkswagen Golf\" title=\"Volkswagen Golf\" \/><\/li><li class=\"active\"><img loading=\"lazy\" decoding=\"async\" src=\"https:\/\/www.sibuscascoche.com\/noticias\/wp-content\/uploads\/2014\/01\/golf-7-3-660x394.jpg\" class=\"setborder\" width=\"660\" height=\"394\" alt=\"Volkswagen Golf\" title=\"Volkswagen Golf\" \/><\/li><li class=\"active\"><img loading=\"lazy\" decoding=\"async\" src=\"https:\/\/www.sibuscascoche.com\/noticias\/wp-content\/uploads\/2014\/01\/golf-7-4-660x394.jpg\" class=\"setborder\" width=\"660\" height=\"394\" alt=\"Volkswagen Golf\" title=\"Volkswagen Golf\" \/><\/li><li class=\"active\"><img loading=\"lazy\" decoding=\"async\" src=\"https:\/\/www.sibuscascoche.com\/noticias\/wp-content\/uploads\/2014\/01\/golf-7-5-660x394.jpg\" class=\"setborder\" width=\"660\" height=\"394\" alt=\"Volkswagen Golf\" title=\"Volkswagen Golf\" \/><\/li><li class=\"active\"><img loading=\"lazy\" decoding=\"async\" src=\"https:\/\/www.sibuscascoche.com\/noticias\/wp-content\/uploads\/2014\/01\/golf-7-6-660x394.jpg\" class=\"setborder\" width=\"660\" height=\"394\" alt=\"Volkswagen Golf\" title=\"Volkswagen Golf\" \/><\/li><\/ul><h4><a href=\"https:\/\/www.sibuscascoche.com\/noticias\/gallery\/volkswagen-golf-septima-generacion\" class=\"font-replace\">Volkswagen Golf<span class=\"photos-in-it\">12 Fotos:<\/span><\/a><\/h4><\/div>\n","protected":false},"excerpt":{"rendered":"<p>El Volkswagen Golf 7 marca el principio de una nueva era. Un dise\u00f1o basado en la innovadora Plataforma Modular Transversal (MQB) que explota su m\u00e1ximo potencial para producir el mejor<\/p>\n","protected":false},"author":1,"featured_media":1067,"comment_status":"closed","ping_status":"open","sticky":false,"template":"","format":"standard","meta":{"footnotes":""},"categories":[11],"tags":[66,154,22],"class_list":["post-1066","post","type-post","status-publish","format-standard","has-post-thumbnail","hentry","category-fichas-turismos","tag-compacto","tag-golf","tag-volkswagen"],"_links":{"self":[{"href":"https:\/\/www.sibuscascoche.com\/noticias\/wp-json\/wp\/v2\/posts\/1066","targetHints":{"allow":["GET"]}}],"collection":[{"href":"https:\/\/www.sibuscascoche.com\/noticias\/wp-json\/wp\/v2\/posts"}],"about":[{"href":"https:\/\/www.sibuscascoche.com\/noticias\/wp-json\/wp\/v2\/types\/post"}],"author":[{"embeddable":true,"href":"https:\/\/www.sibuscascoche.com\/noticias\/wp-json\/wp\/v2\/users\/1"}],"replies":[{"embeddable":true,"href":"https:\/\/www.sibuscascoche.com\/noticias\/wp-json\/wp\/v2\/comments?post=1066"}],"version-history":[{"count":5,"href":"https:\/\/www.sibuscascoche.com\/noticias\/wp-json\/wp\/v2\/posts\/1066\/revisions"}],"predecessor-version":[{"id":1075,"href":"https:\/\/www.sibuscascoche.com\/noticias\/wp-json\/wp\/v2\/posts\/1066\/revisions\/1075"}],"wp:featuredmedia":[{"embeddable":true,"href":"https:\/\/www.sibuscascoche.com\/noticias\/wp-json\/wp\/v2\/media\/1067"}],"wp:attachment":[{"href":"https:\/\/www.sibuscascoche.com\/noticias\/wp-json\/wp\/v2\/media?parent=1066"}],"wp:term":[{"taxonomy":"category","embeddable":true,"href":"https:\/\/www.sibuscascoche.com\/noticias\/wp-json\/wp\/v2\/categories?post=1066"},{"taxonomy":"post_tag","embeddable":true,"href":"https:\/\/www.sibuscascoche.com\/noticias\/wp-json\/wp\/v2\/tags?post=1066"}],"curies":[{"name":"wp","href":"https:\/\/api.w.org\/{rel}","templated":true}]}}