{"id":10543,"date":"2017-03-09T09:48:25","date_gmt":"2017-03-09T08:48:25","guid":{"rendered":"https:\/\/www.sibuscascoche.com\/noticias\/?p=10543"},"modified":"2025-07-29T08:10:07","modified_gmt":"2025-07-29T06:10:07","slug":"fernando-mourino-en-octubre-celebraremos-el-52-rallye-rias-baixas-eurocidade","status":"publish","type":"post","link":"https:\/\/www.sibuscascoche.com\/noticias\/2017\/fernando-mourino-en-octubre-celebraremos-el-52-rallye-rias-baixas-eurocidade\/","title":{"rendered":"Fernando Mouri\u00f1o: \u00abEn octubre celebraremos el 52\u00ba Rallye R\u00edas Baixas &#8211; Eurocidade\u00bb"},"content":{"rendered":"<h6 style=\"text-align: center;\">El presidente de la Escuder\u00eda R\u00edas Baixas se muestra muy ilusionado con el regreso de esta cita, que tendr\u00e1 lugar los d\u00edas 13 y 14 entre Espa\u00f1a y Portugal<\/h6>\n<p>Fernando Mouri\u00f1o ha visto su sue\u00f1o cumplido. A sus 61 a\u00f1os, y despu\u00e9s de 22 al frente de la Escuder\u00eda R\u00edas Baixas, su m\u00e1ximo reto era recuperar el evento que ha marcado su vida: el Rallye R\u00edas Baixas. Tras 51 ediciones, la organizaci\u00f3n decidi\u00f3 renunciar a esta cita automovil\u00edstica por falta de financiaci\u00f3n pero la perserverancia de Mouri\u00f1o y su equipo ha dado sus frutos. El Rallye R\u00edas Baixas vuelve, con car\u00e1cter internacional y tendr\u00e1 preinspecci\u00f3n para el Nacional de Asfalto. \u00abEsperamos que pueda entrar a formar parte del calendario del Campeonato de Espa\u00f1a\u00bb, declara con ilusi\u00f3n el presidente de la escuder\u00eda.<\/p>\n<p><strong>PREGUNTA.<\/strong> <strong>\u00bfC\u00f3mo empez\u00f3 su pasi\u00f3n por los rallyes?<\/strong><\/p>\n<p>RESPUESTA. Empez\u00f3 con los propios inicios del Rallye R\u00edas Baixas, cuando ten\u00eda 10 u 11 a\u00f1os, a principios de los 60. Recuerdo ver los coches correr por la calle Traviesas de Vigo: bajaban por la Avenida Gran V\u00eda, despu\u00e9s de pasar por la Plaza de Espa\u00f1a, el Castro&#8230;<\/p>\n<p><strong><img loading=\"lazy\" decoding=\"async\" class=\"alignright size-full wp-image-10642\" title=\"fernando mourino rallye rias baixas\" src=\"https:\/\/www.sibuscascoche.com\/noticias\/wp-content\/uploads\/2017\/03\/fernando-mourino-coche-segunda-mano.jpg\" alt=\"coches rallye rias baixas\" width=\"300\" height=\"200\" \/>P. Eres aficionado, pero tambi\u00e9n fuiste piloto y colaborador. \u00bfPodr\u00edas hablarnos de estas etapas?<\/strong><\/p>\n<p>R. En 1979 hice mi primer rallye con un <span style=\"color: #3366ff;\"><a title=\"coche ocasi\u00f3n\" href=\"https:\/\/www.sibuscascoche.com\/coches-ocasion\/seat\"><span style=\"color: #3366ff;\">Seat<\/span><\/a><\/span> 127 y Paco Priegue como copiloto. Fue el Rally de Regularidad San Telmo y quedamos en primera posici\u00f3n. Tambi\u00e9n corrimos el Rally de Ferrol pero tuvimos un accidente grave: el coche qued\u00f3 destrozado y el coste de repararlo era muy elevado, pero en vez de retirarnos decidimos seguir. En 1981 compr\u00e9 un Seat 124 Sport 1800 y empec\u00e9 a correr con mi mujer como copiloto, Marisa Arias. Un par de a\u00f1os despu\u00e9s, nos hicimos con un<strong> Seat\u00a01430 FU 1800<\/strong> y quedamos sextos en el Rallye R\u00edas Baixas, lo recuerdo porque fue el primer rally que hizo Luis Moya, copiloto de Carlos Sainz durante a\u00f1os. Despu\u00e9s participamos con un Ford Fiesta 1300 en otras pruebas y en 1985 dejamos de competir porque era incompatible en cuanto a disponiblidad de tiempo con la organizaci\u00f3n del Rallye R\u00edas Baixas.<\/p>\n<p><strong>P. \u00bfC\u00f3mo fueron tus inicios en el Rallye R\u00edas Baixas?<\/strong><\/p>\n<p>R. Asum\u00ed la organizaci\u00f3n del evento en 1995, en su 31\u00ba edici\u00f3n, cuando ya era puntuable para el Campeonato de Espa\u00f1a de Rallyes (desde 1982). Durante cinco a\u00f1os (41, 42, 43, 45 y 48), la Federaci\u00f3n Espa\u00f1ola de Automovilismo le otorg\u00f3 la m\u00e1xima puntuaci\u00f3n, situ\u00e1ndola como mejor carrera del Campeonato de Espa\u00f1a de Rallyes de Asfalto. En \u00a02013 solicitamos que fuese puntuable para el Campeonato de Europa pero en la edici\u00f3n n\u00ba 49 tuvimos que abandonar este sue\u00f1o debido el \u201cbaj\u00f3n\u201d de la subvenci\u00f3n del Concello de Vigo.<\/p>\n<p style=\"text-align: center;\"><a href=\"https:\/\/www.sibuscascoche.com\/?utm_source=blog-noticias&amp;utm_medium=banner&amp;utm_campaign=entrevistas&amp;utm_content=entrevista-fernando-mourino\"><img loading=\"lazy\" decoding=\"async\" class=\" wp-image-9245 aligncenter photo-gallery-shortcode\" title=\"Coche de segunda mano\" src=\"https:\/\/www.sibuscascoche.com\/noticias\/wp-content\/uploads\/2016\/10\/comprar-coche-segunda-mano-ocasion-km01.gif\" alt=\"Coche de segunda mano\" width=\"600\" height=\"90\" \/><\/a><\/p>\n<p><strong>P. \u00bfQui\u00e9nes y cu\u00e1ntos conforman actualmente la Escuder\u00eda R\u00edas Baixas?<\/strong><\/p>\n<p>R. La Junta Directiva la conformamos ocho personas, en la organizaci\u00f3n del rallye colaboran alrededor de 25 y durante la celebraci\u00f3n del mismo, contamos con unos 700 voluntarios y voluntarias.<\/p>\n<blockquote>\n<h4><strong><span style=\"color: #0071b9;\">No quiero que el Rallye R\u00edas Baixas se muera; esto es lo que me impulsa a seguir al frente de la escuder\u00eda\u00bb<\/span><\/strong><\/h4>\n<\/blockquote>\n<p><strong>P. Despu\u00e9s de 22 a\u00f1os al frente de esta entidad, \u00bfa\u00fan te quedan energ\u00edas para seguir adelante?\u00a0<\/strong><\/p>\n<p>R. Me falta esa fuerza propia de la juventud pero no quiero que el Rallye R\u00edas Baixas se muera; me gustar\u00eda que se volviera a hacer y esto es lo que realmente me impulsa a seguir al frente de la escuder\u00eda.<\/p>\n<p><strong>P. El evento estrella de la escuder\u00eda era precisamente esta prueba deportiva. \u00bfCu\u00e1les fueron los motivos que os llevaron a cancelarla?<\/strong><\/p>\n<p>R. La principal raz\u00f3n fue que el Concello de Vigo dej\u00f3 de subvencionarlo y sin esta ayuda, los recursos de los que dispon\u00edamos para seguir adelante eran muy escasos, a pesar de contar con el apoyo de la Diputaci\u00f3n de Pontevedra y la Xunta de Galicia y los patrocinadores. A esto se uni\u00f3 el contexto econ\u00f3mico, que no era muy favorable&#8230; Pero la financiaci\u00f3n institucional era el pilar fundamental.<\/p>\n<blockquote>\n<h4><strong><span style=\"color: #0071b9;\">El retorno econ\u00f3mico de una cita de estas caracter\u00edsticas es muy amplio pero no existe conciencia sobre ello\u00bb<\/span><\/strong><\/h4>\n<\/blockquote>\n<p><strong>P. Sin embargo, y a pesar del contexto, el Rallye R\u00edas Baixas ten\u00eda amplios beneficios para los ayuntamientos, \u00bfno?<\/strong><\/p>\n<p>R. S\u00ed, las ventajas eran muchas porque no solo era un evento de car\u00e1cter deportivo, tambi\u00e9n favorec\u00eda al \u00e1mbito tur\u00edstico. Ten\u00eda una amplia difusi\u00f3n a nivel nacional. Lleg\u00f3 a contar con la participaci\u00f3n de unos 90 equipos, y era\u00a0conocido a nivel internacional, en Portugal y en Francia. El retorno econ\u00f3mico de una cita de estas caracter\u00edsticas es muy extenso pero no existe conciencia sobre ello, sobre todo lo que aporta a los sitios en los que se desarrolla.<\/p>\n<p><img loading=\"lazy\" decoding=\"async\" class=\"size-full wp-image-10643 alignleft\" title=\"fernando mouri\u00f1o marisa arias seat\" src=\"https:\/\/www.sibuscascoche.com\/noticias\/wp-content\/uploads\/2017\/03\/fernando-mourino-marisa-arias-coche-ocasion.jpg\" alt=\"coche ocasion rallye rias baixas\" width=\"300\" height=\"200\" \/><\/p>\n<p><strong>P. Adem\u00e1s del soporte institucional y de empresas privadas, otro pilar fundamental era el de tu familia&#8230;<\/strong><\/p>\n<p>R.<strong>\u00a0\u00a0<\/strong>S\u00ed, sin su apoyo ser\u00eda muy dif\u00edcil, sobre todo, sin el de mi mujer, que ten\u00eda una carga inmensa en el Rallye R\u00edas Baixas. Empez\u00f3 como cronometradora de tramo en Salceda y en 1998 asumi\u00f3 la direcci\u00f3n de carrera del evento convirti\u00e9ndose en la primera mujer en desempe\u00f1ar este papel en el Campeonato de Espa\u00f1a de Rallyes. En 2015 fue nombrada como Mejor Oficial por la Federaci\u00f3n Espa\u00f1ola de Automovilismo y actualmente es Comisaria Deportiva en el campeonato nacional.<\/p>\n<p><strong>P. Con o sin apoyos, \u00bfla escuder\u00eda tiene \u00a0previsto recuperar el Rallye R\u00edas Baixas en un futuro pr\u00f3ximo?\u00a0<\/strong><\/p>\n<p>R.\u00a0Llevamos tiempo trabajando en recuperarlo y ya hemos fijado una fecha, 13 y 14 de octubre, un d\u00eda se har\u00e1 en Espa\u00f1a y otro en Portugal. Se denominar\u00e1 52\u00ba Rallye R\u00edas Baixas &#8211; Eurocidade,\u00a0tendr\u00e1 preinspecci\u00f3n para el Nacional de Asfalto y esperamos que pueda entrar a formar parte del calendario del Campeonato de Espa\u00f1a. \u00a1Estamos muy ilusionados!<\/p>\n<p style=\"text-align: center;\"><a href=\"https:\/\/www.sibuscascoche.com\/?utm_source=blog-noticias&amp;utm_medium=banner&amp;utm_campaign=entrevistas&amp;utm_content=entrevista-candido-carrera\"><img loading=\"lazy\" decoding=\"async\" class=\" wp-image-9245 aligncenter photo-gallery-shortcode\" title=\"Coche ocasion\" src=\"https:\/\/www.sibuscascoche.com\/noticias\/wp-content\/uploads\/2016\/10\/comprar-coche-segunda-mano-ocasion-km01.gif\" alt=\"Coche ocasion\" width=\"600\" height=\"90\" \/><\/a><\/p>\n<p><strong>P. Despu\u00e9s de lo comentado, en base a tu propia experiencia y focalizando la mirada hacia el mundo del rally, \u00bfqu\u00e9 consideras que habr\u00eda que cambiar para mejorar en este deporte?<\/strong>\u00a0<strong>\u00a0<\/strong><\/p>\n<p>R. Creo que deber\u00edamos tomar mayor conciencia del beneficio que tienen los rallyes para los municipios por los que transcurren y poner en valor a todas esas personas que forman parte de ellos, sobre todo, a los que colaboran en la organizaci\u00f3n de las pruebas: se juegan la vida y es necesario estar a la altura. Por otro lado, est\u00e1 el papel de las federaciones, que deber\u00edan bajar el coste de las licencias para<\/p>\n<p><strong>P. Despu\u00e9s de tantos a\u00f1os en el mundillo, \u00bfqu\u00e9 pilotos destacar\u00edas en la actualidad por su buen trabajo?\u00a0<\/strong><\/p>\n<p>R. Creo que<span style=\"color: #3366ff;\"> <a title=\"Entrevista a Iv\u00e1n Ares, piloto de rallyes\" href=\"https:\/\/www.sibuscascoche.com\/noticias\/2016\/ivan-ares\/\"><span style=\"color: #3366ff;\">Iv\u00e1n Ares<\/span><\/a><\/span> es un valor en alza, y Sergio Vallejo es muy buen piloto.<\/p>\n<p><img loading=\"lazy\" decoding=\"async\" class=\"size-full wp-image-10656  alignleft\" title=\"Rallye R\u00edas Baixas\" src=\"https:\/\/www.sibuscascoche.com\/noticias\/wp-content\/uploads\/2017\/03\/rallye-rias-baixas-vigo.jpg\" alt=\"coches ocasion vigo\" width=\"300\" height=\"200\" \/><\/p>\n<p><img loading=\"lazy\" decoding=\"async\" class=\"size-full wp-image-10655  alignright\" title=\"Fernando Mouri\u00f1o en su Seat 1430 FU 1800\" src=\"https:\/\/www.sibuscascoche.com\/noticias\/wp-content\/uploads\/2017\/03\/rallye-rias-baixas.jpg\" alt=\"coches ocasion seat\" width=\"300\" height=\"200\" \/><\/p>\n<p>&nbsp;<\/p>\n<p>&nbsp;<\/p>\n<p>&nbsp;<\/p>\n<p>&nbsp;<\/p>\n<p>&nbsp;<\/p>\n<p>&nbsp;<\/p>\n<p><img loading=\"lazy\" decoding=\"async\" class=\"size-full wp-image-10653  alignright\" title=\"Marisa Arias y Fernando Mouri\u00f1o\" src=\"https:\/\/www.sibuscascoche.com\/noticias\/wp-content\/uploads\/2017\/03\/fernando-mourino-marisa-arias-rallye.jpg\" alt=\"coches segunda mano vigo\" width=\"300\" height=\"200\" \/><\/p>\n<p><img loading=\"lazy\" decoding=\"async\" class=\"size-full wp-image-10654  alignleft\" title=\"Fernando Mouri\u00f1o durante una competici\u00f3n\" src=\"https:\/\/www.sibuscascoche.com\/noticias\/wp-content\/uploads\/2017\/03\/fernando-mourino-rallye.jpg\" alt=\"fernando mourino rallye rias baixas\" width=\"300\" height=\"200\" \/><\/p>\n<p>&nbsp;<\/p>\n","protected":false},"excerpt":{"rendered":"<p>El presidente de la Escuder\u00eda R\u00edas Baixas se muestra muy ilusionado con el regreso de esta cita, que tendr\u00e1 lugar los d\u00edas 13 y 14 entre Espa\u00f1a y Portugal Fernando<\/p>\n","protected":false},"author":1,"featured_media":10636,"comment_status":"closed","ping_status":"open","sticky":false,"template":"","format":"standard","meta":{"footnotes":""},"categories":[1034],"tags":[1131,1132,1125,1130,1126,57,1067,1124,1127,1129,1128],"class_list":["post-10543","post","type-post","status-publish","format-standard","has-post-thumbnail","hentry","category-entrevistas","tag-eurocidade","tag-federacion-espanola-de-automovilismo","tag-fernando-mourino","tag-ford-fiesta-1300","tag-marias-arias","tag-rally","tag-rallye","tag-rias-baixas","tag-seat-124-sport-1800","tag-seat-127","tag-seat-1430-fu-1800"],"_links":{"self":[{"href":"https:\/\/www.sibuscascoche.com\/noticias\/wp-json\/wp\/v2\/posts\/10543","targetHints":{"allow":["GET"]}}],"collection":[{"href":"https:\/\/www.sibuscascoche.com\/noticias\/wp-json\/wp\/v2\/posts"}],"about":[{"href":"https:\/\/www.sibuscascoche.com\/noticias\/wp-json\/wp\/v2\/types\/post"}],"author":[{"embeddable":true,"href":"https:\/\/www.sibuscascoche.com\/noticias\/wp-json\/wp\/v2\/users\/1"}],"replies":[{"embeddable":true,"href":"https:\/\/www.sibuscascoche.com\/noticias\/wp-json\/wp\/v2\/comments?post=10543"}],"version-history":[{"count":57,"href":"https:\/\/www.sibuscascoche.com\/noticias\/wp-json\/wp\/v2\/posts\/10543\/revisions"}],"predecessor-version":[{"id":18163,"href":"https:\/\/www.sibuscascoche.com\/noticias\/wp-json\/wp\/v2\/posts\/10543\/revisions\/18163"}],"wp:featuredmedia":[{"embeddable":true,"href":"https:\/\/www.sibuscascoche.com\/noticias\/wp-json\/wp\/v2\/media\/10636"}],"wp:attachment":[{"href":"https:\/\/www.sibuscascoche.com\/noticias\/wp-json\/wp\/v2\/media?parent=10543"}],"wp:term":[{"taxonomy":"category","embeddable":true,"href":"https:\/\/www.sibuscascoche.com\/noticias\/wp-json\/wp\/v2\/categories?post=10543"},{"taxonomy":"post_tag","embeddable":true,"href":"https:\/\/www.sibuscascoche.com\/noticias\/wp-json\/wp\/v2\/tags?post=10543"}],"curies":[{"name":"wp","href":"https:\/\/api.w.org\/{rel}","templated":true}]}}