{"id":10518,"date":"2017-04-20T15:54:54","date_gmt":"2017-04-20T13:54:54","guid":{"rendered":"https:\/\/www.sibuscascoche.com\/noticias\/?p=10518"},"modified":"2017-04-20T15:54:54","modified_gmt":"2017-04-20T13:54:54","slug":"honda-civic-2017-mas-grande-dinamico-ambicioso","status":"publish","type":"post","link":"https:\/\/www.sibuscascoche.com\/noticias\/2017\/honda-civic-2017-mas-grande-dinamico-ambicioso\/","title":{"rendered":"Honda Civic 2017: m\u00e1s grande, din\u00e1mico y ambicioso"},"content":{"rendered":"<p>La que es ya la <strong>d\u00e9cima generaci\u00f3n del Honda Civic<\/strong> viene dispuesta a marcar terreno en el competido segmento de los compactos. Mantiene un dise\u00f1o exterior muy diferenciado, conserva su gran habitabilidad interior y mejora notablemente en cuanto a deportividad y comportamiento din\u00e1mico. Si est\u00e1s pensando en <strong>comprar coche<\/strong> compacto durante este 2017, te interesa conocerlo m\u00e1s de cerca.<\/p>\n<p>Tras m\u00e1s de 40 a\u00f1os en la carretera, el Honda Civic <strong>conserva un dise\u00f1o muy particular<\/strong> que destaca por las dimensiones de su carrocer\u00eda cuyas l\u00edneas afiladas acent\u00faan su deportividad. Mide 4.497 mm de largo, 1.800 mm de ancho y 1.421 mm de altura, es decir, es <strong>m\u00e1s ancho, largo y bajo que todos sus predecesores<\/strong> y es tambi\u00e9n m\u00e1s largo que sus rivales dentro del segmento de los compactos. Para contextualizar este dato: un <a href=\"https:\/\/www.sibuscascoche.com\/coches-ocasion\/seat\/leon\" target=\"_blank\"><strong>Seat Le\u00f3n<\/strong><\/a> mide 4.282 mm de largo, un <a href=\"https:\/\/www.sibuscascoche.com\/coches-ocasion\/volkswagen\/golf\" target=\"_blank\"><strong>Volkswagen Golf<\/strong><\/a> se conforma con 4.258 mm y un<strong> <a href=\"https:\/\/www.sibuscascoche.com\/coches-ocasion\/opel\/astra\" target=\"_blank\">Opel Astra<\/a><\/strong> se queda por detr\u00e1s con 4.370 mm. Esto hace que mejore la sensaci\u00f3n de <strong>amplitud en su interior<\/strong> y se incremente el volumen del maletero que pasa 401 a 478 litros de capacidad.<\/p>\n<p><img loading=\"lazy\" decoding=\"async\" class=\"alignright size-full wp-image-10522\" alt=\"coche-honda-civic-2017-interior\" src=\"https:\/\/www.sibuscascoche.com\/noticias\/wp-content\/uploads\/2017\/02\/coche-honda-civic-2017-int.jpg\" width=\"300\" height=\"200\" \/><\/p>\n<p>Otra de las grandes novedades del modelo nuevo la encontramos en sus <strong>motorizaciones<\/strong>. Podr\u00e1 elegirse con <strong>dos nuevos motores de gasolina VTEC<\/strong> totalmente nuevos, un <strong>1.0 de tres cilindros<\/strong> y el<strong> 1.5 de cuatro cilindros<\/strong>. Ambos est\u00e1n asociados a un <strong>cambio manual de seis velocidades<\/strong> aunque los aficionados a los cambios autom\u00e1ticos podr\u00e1n optar por un CVT con siete relaciones simuladas.<\/p>\n<p>Si hablamos de equipamiento tenemos que hablar no s\u00f3lo de los sistemas de <strong>conectividad CarPlay y Android Auto<\/strong> sino tambi\u00e9n de la serie de ayudas a la conducci\u00f3n que incorpora mediante el <strong>Honda Sense<\/strong>. Todos los acabados comerciales contar\u00e1n con asistente autom\u00e1tico de mantenimiento de carril, con funci\u00f3n de correcci\u00f3n en el volante, sistema de reconocimiento de se\u00f1ales, control de crucero activo y sistemas de protecci\u00f3n para los peatones.<\/p>\n<p>Sin duda, el Honda Civic <strong>es un coche con mucha personalidad<\/strong> cuya versi\u00f3n m\u00e1s agresiva \u2013 Type R- ver\u00e1 la luz antes de que termine al a\u00f1o. Aun as\u00ed, si prefieres comprar<strong> <a href=\"https:\/\/www.sibuscascoche.com\/coches-ocasion\/honda\" target=\"_blank\">coche Honda ocasi\u00f3n<\/a><\/strong>, en nuestro portal para la compra de <strong>coches de segunda mano<\/strong>\u00a0<a href=\"https:\/\/www.sibuscascoche.com\/\" target=\"_blank\"><strong>Sibuscascoche.com<\/strong><\/a> puedes encontrar alguna unidad del modelo anterior que empez\u00f3 a comercializarse en el 2012 y que recibi\u00f3 una actualizaci\u00f3n en el 2015.<\/p>\n","protected":false},"excerpt":{"rendered":"<p>La que es ya la d\u00e9cima generaci\u00f3n del Honda Civic viene dispuesta a marcar terreno en el competido segmento de los compactos. Mantiene un dise\u00f1o exterior muy diferenciado, conserva su<\/p>\n","protected":false},"author":6,"featured_media":10521,"comment_status":"closed","ping_status":"open","sticky":false,"template":"","format":"standard","meta":{"footnotes":""},"categories":[8],"tags":[66,657],"class_list":["post-10518","post","type-post","status-publish","format-standard","has-post-thumbnail","hentry","category-lanzamientos","tag-compacto","tag-honda-civic"],"_links":{"self":[{"href":"https:\/\/www.sibuscascoche.com\/noticias\/wp-json\/wp\/v2\/posts\/10518","targetHints":{"allow":["GET"]}}],"collection":[{"href":"https:\/\/www.sibuscascoche.com\/noticias\/wp-json\/wp\/v2\/posts"}],"about":[{"href":"https:\/\/www.sibuscascoche.com\/noticias\/wp-json\/wp\/v2\/types\/post"}],"author":[{"embeddable":true,"href":"https:\/\/www.sibuscascoche.com\/noticias\/wp-json\/wp\/v2\/users\/6"}],"replies":[{"embeddable":true,"href":"https:\/\/www.sibuscascoche.com\/noticias\/wp-json\/wp\/v2\/comments?post=10518"}],"version-history":[{"count":13,"href":"https:\/\/www.sibuscascoche.com\/noticias\/wp-json\/wp\/v2\/posts\/10518\/revisions"}],"predecessor-version":[{"id":10979,"href":"https:\/\/www.sibuscascoche.com\/noticias\/wp-json\/wp\/v2\/posts\/10518\/revisions\/10979"}],"wp:featuredmedia":[{"embeddable":true,"href":"https:\/\/www.sibuscascoche.com\/noticias\/wp-json\/wp\/v2\/media\/10521"}],"wp:attachment":[{"href":"https:\/\/www.sibuscascoche.com\/noticias\/wp-json\/wp\/v2\/media?parent=10518"}],"wp:term":[{"taxonomy":"category","embeddable":true,"href":"https:\/\/www.sibuscascoche.com\/noticias\/wp-json\/wp\/v2\/categories?post=10518"},{"taxonomy":"post_tag","embeddable":true,"href":"https:\/\/www.sibuscascoche.com\/noticias\/wp-json\/wp\/v2\/tags?post=10518"}],"curies":[{"name":"wp","href":"https:\/\/api.w.org\/{rel}","templated":true}]}}