{"id":10403,"date":"2017-02-14T17:23:42","date_gmt":"2017-02-14T16:23:42","guid":{"rendered":"https:\/\/www.sibuscascoche.com\/noticias\/?p=10403"},"modified":"2017-02-14T17:23:42","modified_gmt":"2017-02-14T16:23:42","slug":"vigo-acogera-vii-edicion-salon-vehiculos-clasicos-epoca","status":"publish","type":"post","link":"https:\/\/www.sibuscascoche.com\/noticias\/2017\/vigo-acogera-vii-edicion-salon-vehiculos-clasicos-epoca\/","title":{"rendered":"El Sal\u00f3n Retro Galicia de Vigo incluir\u00e1 un homenaje a Ferrari"},"content":{"rendered":"<p>El<strong> Sal\u00f3n Retro Auto&amp;Moto Galicia<\/strong> se celebrar\u00e1 <strong>del 17 al 19 de febrero<\/strong> en el Instituto Ferial de Vigo<strong> (IFEVI)<\/strong> y contar\u00e1 con m\u00faltiples actividades entre las que destaca un <strong>homenaje a Ferrari<\/strong> con motivo de su 70 aniversario. En esta s\u00e9ptima edici\u00f3n, los amantes de los veh\u00edculos cl\u00e1sicos y de \u00e9poca podr\u00e1n disfrutar de un total de <strong>17.000 metros cuadrados de exposici\u00f3n<\/strong>\u00a0en los que tendr\u00e1n cabida <strong>80 expositores y alrededor de 200 veh\u00edculos<\/strong>. Los propietarios de modelos cl\u00e1sicos que acudan a la feria con ellos tendr\u00e1n por primera vez un\u00a0<strong>aparcamiento cubierto gratuito y vigilado<\/strong>\u00a0adem\u00e1s de un descuento en el precio de la entrada.<\/p>\n<p>Se espera una afluencia de unas 20.000 personas y la entrada tiene un coste de 8 euros.\u00a0Si est\u00e1s interesado en asistir, tienes la oportunidad de participar en el sorteo de tres entradas dobles gracias al concurso\u00a0que organizamos en\u00a0<a href=\"https:\/\/www.sibuscascoche.com\/\" target=\"_blank\"><strong>Sibuscascoche.com<\/strong><\/a>\u00a0a trav\u00e9s de nuestra p\u00e1gina de \u00a0<strong><a href=\"https:\/\/www.facebook.com\/sibuscascoche\/\" target=\"_blank\" rel=\"noopener\">Facebook<\/a>\u00a0.<br \/>\n<\/strong><\/p>\n<p>El Sal\u00f3n se abrir\u00e1 este viernes d\u00eda 17 a las 16:00 horas y cuenta con un programa de actividades din\u00e1mico y variado. Entre ellas destaca el stand dedicado a Ferrari en el que se exhibir\u00e1n<strong> una veintena de coches de la firma italiana<\/strong>, algunos tan espectaculares como\u00a0un Ferrari 250 GTO Alegretti, un Daytona Cabrio, un Dino GTS o un Testarossa, todos ellos pertenecientes a coleccionistas privados de Galicia.<\/p>\n<p><img loading=\"lazy\" decoding=\"async\" class=\"alignright size-full wp-image-10407\" alt=\"salon-vehiculos-clasicos-vigo\" src=\"https:\/\/www.sibuscascoche.com\/noticias\/wp-content\/uploads\/2017\/02\/retro-galicia-interior.jpg\" width=\"300\" height=\"200\" \/><\/p>\n<p>Otra de las efem\u00e9rides a las que se rinde tributo en la feria es el <strong>80 aniversario de la creaci\u00f3n de la marca Volkswagen<\/strong> (a\u00f1o 1937) de manera que se montar\u00e1 un espacio en colaboraci\u00f3n con el Vintage Volkswagen Club de Galicia en el que tendr\u00e1n cabida algunos de sus modelos m\u00e1s emblem\u00e1ticos. Destaca tambi\u00e9n\u00a0el stand reservado a la <strong>firma italiana Abarth<\/strong>, ligada al mundo de la competici\u00f3n a trav\u00e9s del grupo Fiat, que celebra este a\u00f1o el 45 aniversario del Fiat 124 Spider Abarth y el 40 cumplea\u00f1os del debut del Fiat 131 Abarth en el mundial de rallys.<\/p>\n<p>Entre las<strong> actividades paralelas<\/strong> destacan, adem\u00e1s de la concentraci\u00f3n de Ferrari con motivo del aniversario, una concentraci\u00f3n de superdeportivos GT y la celebraci\u00f3n durante la jornada del s\u00e1bado 18 del <strong>XI Rally de Primavera<\/strong> organizado por la Escuder\u00eda Vigo Cl\u00e1sicos con el apoyo de Retro Galicia.\u00a0Esta c\u00e9lebre prueba de regularidad, con un recorrido aproximado de 148 km por la zona sur de la provincia, tendr\u00e1 como punto de partida y llegada el Ifevi.<\/p>\n<p>Se trata de una buena ocasi\u00f3n para aquellos que est\u00e9n pensando en <strong>comprar coche<\/strong> de estilo retro ya que durante el evento se podr\u00e1n<strong> vender y comprar<\/strong> coches y motos de \u00e9poca y de colecci\u00f3n tanto de expositores <strong>profesionales<\/strong> como de <strong>particulares. <\/strong>Tambi\u00e9n\u00a0se habilitar\u00e1 un \u00e1rea especial de mercado de piezas, recambios, complementos, ropa, merchandising y objetos coleccionables de marcas.<\/p>\n","protected":false},"excerpt":{"rendered":"<p>El Sal\u00f3n Retro Auto&amp;Moto Galicia se celebrar\u00e1 del 17 al 19 de febrero en el Instituto Ferial de Vigo (IFEVI) y contar\u00e1 con m\u00faltiples actividades entre las que destaca un<\/p>\n","protected":false},"author":6,"featured_media":10406,"comment_status":"closed","ping_status":"open","sticky":false,"template":"","format":"standard","meta":{"footnotes":""},"categories":[1,9],"tags":[145,492,1116,328,1117,1118],"class_list":["post-10403","post","type-post","status-publish","format-standard","has-post-thumbnail","hentry","category-actualidad","category-eventos","tag-clasicos","tag-coches","tag-evento","tag-motor","tag-motos","tag-retro"],"_links":{"self":[{"href":"https:\/\/www.sibuscascoche.com\/noticias\/wp-json\/wp\/v2\/posts\/10403","targetHints":{"allow":["GET"]}}],"collection":[{"href":"https:\/\/www.sibuscascoche.com\/noticias\/wp-json\/wp\/v2\/posts"}],"about":[{"href":"https:\/\/www.sibuscascoche.com\/noticias\/wp-json\/wp\/v2\/types\/post"}],"author":[{"embeddable":true,"href":"https:\/\/www.sibuscascoche.com\/noticias\/wp-json\/wp\/v2\/users\/6"}],"replies":[{"embeddable":true,"href":"https:\/\/www.sibuscascoche.com\/noticias\/wp-json\/wp\/v2\/comments?post=10403"}],"version-history":[{"count":23,"href":"https:\/\/www.sibuscascoche.com\/noticias\/wp-json\/wp\/v2\/posts\/10403\/revisions"}],"predecessor-version":[{"id":10444,"href":"https:\/\/www.sibuscascoche.com\/noticias\/wp-json\/wp\/v2\/posts\/10403\/revisions\/10444"}],"wp:featuredmedia":[{"embeddable":true,"href":"https:\/\/www.sibuscascoche.com\/noticias\/wp-json\/wp\/v2\/media\/10406"}],"wp:attachment":[{"href":"https:\/\/www.sibuscascoche.com\/noticias\/wp-json\/wp\/v2\/media?parent=10403"}],"wp:term":[{"taxonomy":"category","embeddable":true,"href":"https:\/\/www.sibuscascoche.com\/noticias\/wp-json\/wp\/v2\/categories?post=10403"},{"taxonomy":"post_tag","embeddable":true,"href":"https:\/\/www.sibuscascoche.com\/noticias\/wp-json\/wp\/v2\/tags?post=10403"}],"curies":[{"name":"wp","href":"https:\/\/api.w.org\/{rel}","templated":true}]}}