{"id":10267,"date":"2017-02-06T15:13:04","date_gmt":"2017-02-06T14:13:04","guid":{"rendered":"https:\/\/www.sibuscascoche.com\/noticias\/?p=10267"},"modified":"2017-02-06T15:34:09","modified_gmt":"2017-02-06T14:34:09","slug":"11-edicion-galiexpo-motorshow","status":"publish","type":"post","link":"https:\/\/www.sibuscascoche.com\/noticias\/2017\/11-edicion-galiexpo-motorshow\/","title":{"rendered":"11\u00aa edici\u00f3n de Galiexpo Motorshow"},"content":{"rendered":"<p>Los amantes del motor de la ciudad ol\u00edvica est\u00e1n de enhorabuena porque <strong>vuelve Galiexpo Motorshow<\/strong> a la ciudad. Ser\u00e1 durante los d\u00edas <strong>10, 11 y 12 de febrero<\/strong> cuando tenga lugar este punto de encuentro que hace las delicias de aficionados y profesionales. Con m\u00faltiples sectores implicados como los de accesorios y recambios, motos, quads, tunning\u2026 pero tambi\u00e9n con una clasificaci\u00f3n tem\u00e1tica seg\u00fan los tipos de veh\u00edculo; <strong>cl\u00e1sicos, 4&#215;4, competici\u00f3n, superdeportivo<\/strong>s o incluso secciones de n\u00e1utica deportiva, aeromodelismo y moda. Adem\u00e1s de todo esto, tambi\u00e9n contar\u00e1 con un <strong>espacio infantil<\/strong> para que los m\u00e1s peque\u00f1os comiencen a disfrutar de este mundo.<\/p>\n<p><img loading=\"lazy\" decoding=\"async\" class=\"size-full wp-image-10270 alignright\" alt=\"Coches de ocasi\u00f3n\" src=\"https:\/\/www.sibuscascoche.com\/noticias\/wp-content\/uploads\/2017\/02\/Galiexpo.jpg\" width=\"300\" height=\"200\" \/><\/p>\n<p>En esta p\u00e1gina queremos que lo disfrutes al m\u00e1ximo, por eso<strong>\u00a0te queremos invitar a Galiexpo<\/strong>. <strong>Participa en el sorteo en la p\u00e1gina de <a href=\"https:\/\/www.facebook.com\/sibuscascoche\" target=\"_blank\" rel=\"noopener\"><span style=\"color: #0000ff;\">Facebook de Sibuscascoche<\/span><\/a><\/strong><span style=\"color: #0000ff;\">\u00a0<\/span>y podr\u00e1s llevarte <strong>dos entradas<\/strong> para asistir a una jornada del motorshow de Galiexpo en Ifevi. Conseguirlas es muy f\u00e1cil, solo tienes que ir a nuestra p\u00e1gina de Facebook y participar all\u00ed, siguiendo las indicaciones que te damos. Despu\u00e9s, solo debes elegir uno de los tres d\u00edas en los que est\u00e1 abierto\u00a0<span style=\"color: #0000ff;\"><a href=\"http:\/\/www.galiexpo.com\/\" target=\"_blank\" rel=\"noopener\"><span style=\"color: #0000ff;\"> Galiexpo<\/span><\/a><\/span> (10, 11 o 12 de febrero) y \u00a1a disfrutar!* Revisa el programa para saber qu\u00e9 d\u00eda es el que m\u00e1s te interesa asistir.<\/p>\n<p>Adem\u00e1s, en Galiexpo podr\u00e1s disfrutar de diversos espect\u00e1culos como la <strong>Exhibition Drift Indoor<\/strong>, con algunos de los mejores pilotos de Galicia y Portugal, la <strong>competici\u00f3n de tunning<\/strong>, o los diversos <strong>shows musicales<\/strong>. Asimismo parte de lo recaudado en estos eventos se donar\u00e1 a la ONG Discamino, que ayuda a gente con distintos problemas de movilidad a realizar su sue\u00f1o de hacer El Camino de Santiago.<\/p>\n<p>As\u00ed que ya sabes, ven a disfrutar de uno de los mayores eventos de automovilismo de la provincia, visita los expositores y disfruta de los espect\u00e1culos, no te arrepentir\u00e1s.<\/p>\n<p>*Estas entradas te permiten acceder a la exposici\u00f3n, no dan acceso a los espect\u00e1culos.<\/p>\n","protected":false},"excerpt":{"rendered":"<p>Los amantes del motor de la ciudad ol\u00edvica est\u00e1n de enhorabuena porque vuelve Galiexpo Motorshow a la ciudad. Ser\u00e1 durante los d\u00edas 10, 11 y 12 de febrero cuando tenga<\/p>\n","protected":false},"author":1,"featured_media":10269,"comment_status":"closed","ping_status":"open","sticky":false,"template":"","format":"standard","meta":{"footnotes":""},"categories":[1],"tags":[],"class_list":["post-10267","post","type-post","status-publish","format-standard","has-post-thumbnail","hentry","category-actualidad"],"_links":{"self":[{"href":"https:\/\/www.sibuscascoche.com\/noticias\/wp-json\/wp\/v2\/posts\/10267","targetHints":{"allow":["GET"]}}],"collection":[{"href":"https:\/\/www.sibuscascoche.com\/noticias\/wp-json\/wp\/v2\/posts"}],"about":[{"href":"https:\/\/www.sibuscascoche.com\/noticias\/wp-json\/wp\/v2\/types\/post"}],"author":[{"embeddable":true,"href":"https:\/\/www.sibuscascoche.com\/noticias\/wp-json\/wp\/v2\/users\/1"}],"replies":[{"embeddable":true,"href":"https:\/\/www.sibuscascoche.com\/noticias\/wp-json\/wp\/v2\/comments?post=10267"}],"version-history":[{"count":16,"href":"https:\/\/www.sibuscascoche.com\/noticias\/wp-json\/wp\/v2\/posts\/10267\/revisions"}],"predecessor-version":[{"id":10332,"href":"https:\/\/www.sibuscascoche.com\/noticias\/wp-json\/wp\/v2\/posts\/10267\/revisions\/10332"}],"wp:featuredmedia":[{"embeddable":true,"href":"https:\/\/www.sibuscascoche.com\/noticias\/wp-json\/wp\/v2\/media\/10269"}],"wp:attachment":[{"href":"https:\/\/www.sibuscascoche.com\/noticias\/wp-json\/wp\/v2\/media?parent=10267"}],"wp:term":[{"taxonomy":"category","embeddable":true,"href":"https:\/\/www.sibuscascoche.com\/noticias\/wp-json\/wp\/v2\/categories?post=10267"},{"taxonomy":"post_tag","embeddable":true,"href":"https:\/\/www.sibuscascoche.com\/noticias\/wp-json\/wp\/v2\/tags?post=10267"}],"curies":[{"name":"wp","href":"https:\/\/api.w.org\/{rel}","templated":true}]}}