{"id":10258,"date":"2017-03-10T14:09:11","date_gmt":"2017-03-10T13:09:11","guid":{"rendered":"https:\/\/www.sibuscascoche.com\/noticias\/?p=10258"},"modified":"2017-03-13T14:10:12","modified_gmt":"2017-03-13T13:10:12","slug":"ultiman-detalles-finales-seat-arona","status":"publish","type":"post","link":"https:\/\/www.sibuscascoche.com\/noticias\/2017\/ultiman-detalles-finales-seat-arona\/","title":{"rendered":"Seat ultima los detalles finales del Arona, su nuevo SUV"},"content":{"rendered":"<p>A finales de este a\u00f1o, concretamente en septiembre, y en el Sal\u00f3n del Autom\u00f3vil de Frankfurt, ser\u00e1 cuando vea la luz el nuevo Seat Arona y entonces, por fin, ya podremos disfrutarlo. Este peque\u00f1o SUV fue presentado en el Sal\u00f3n del Autom\u00f3vil de Par\u00eds en 2016 y contar\u00e1 con alrededor de 4,15 metros de largo, 5 puertas, 5 plazas y m\u00e1s de 400 litros de maletero.<\/p>\n<p>Poco se sabe de este SUV compacto, ya que hasta ahora las pruebas se han realizado con el coche altamente camuflado, por lo que apenas sabemos nada de su carrocer\u00eda. Aunque por lo que se puede apreciar se parece casi m\u00e1s al Ateca que al Ibiza, del que, en un principio, se dec\u00eda que se tomaba como base. Es posible que la idea sea hacer un Ateca m\u00e1s juvenil y desenfadado mientras usando el Ibiza como base mec\u00e1nica, de lo que todav\u00eda no sabemos nada, aunque podemos deducir que se podr\u00e1 elegir entre TSI y TDI.<\/p>\n<p><img loading=\"lazy\" decoding=\"async\" class=\"size-full wp-image-10261 alignright\" alt=\"Seat ocasi\u00f3n\" src=\"https:\/\/www.sibuscascoche.com\/noticias\/wp-content\/uploads\/2017\/02\/Nuevo-Seat-Arona.jpg\" width=\"300\" height=\"200\" \/><\/p>\n<p>Tambi\u00e9n se espera que el dise\u00f1o interior sea muy parecido al del Ibiza, por lo que ser\u00eda modular, con una banqueta trasera que podr\u00eda moverse longitudinalmente, lo que permitir\u00eda ampliar el maletero y poder jugar con el espacio seg\u00fan sea necesario. Tambi\u00e9n lo relaciona con el Ibiza el hecho de que los dos se est\u00e9n desarrollando en la famosa plataforma modular del Grupo Volkswagen, como tambi\u00e9n lo hicieron el Ateca y el Le\u00f3n.<\/p>\n<p>El nombre puede que no nos suene a muchos, pero se trata de la tercera ciudad m\u00e1s poblada de la Isla de Tenerife. Una bella localidad de las Islas Canarias que tiene cerca de 80.000 habitantes. La producci\u00f3n en serie del Arona se producir\u00e1 en la f\u00e1brica que la marca tiene en Martorell, seg\u00fan han anunciado desde Seat.<\/p>\n<p>Con el Arona, Seat entra de lleno en la competici\u00f3n por liderar los SUV compactos y podemos asegurar, sin temor a equivocarnos, que ser\u00e1, junto con el Ibiza, la cabeza de lanza en la estrategia de la marca para los pr\u00f3ximos a\u00f1os.<\/p>\n","protected":false},"excerpt":{"rendered":"<p>A finales de este a\u00f1o, concretamente en septiembre, y en el Sal\u00f3n del Autom\u00f3vil de Frankfurt, ser\u00e1 cuando vea la luz el nuevo Seat Arona y entonces, por fin, ya<\/p>\n","protected":false},"author":1,"featured_media":10260,"comment_status":"closed","ping_status":"open","sticky":false,"template":"","format":"standard","meta":{"footnotes":""},"categories":[1],"tags":[],"class_list":["post-10258","post","type-post","status-publish","format-standard","has-post-thumbnail","hentry","category-actualidad"],"_links":{"self":[{"href":"https:\/\/www.sibuscascoche.com\/noticias\/wp-json\/wp\/v2\/posts\/10258","targetHints":{"allow":["GET"]}}],"collection":[{"href":"https:\/\/www.sibuscascoche.com\/noticias\/wp-json\/wp\/v2\/posts"}],"about":[{"href":"https:\/\/www.sibuscascoche.com\/noticias\/wp-json\/wp\/v2\/types\/post"}],"author":[{"embeddable":true,"href":"https:\/\/www.sibuscascoche.com\/noticias\/wp-json\/wp\/v2\/users\/1"}],"replies":[{"embeddable":true,"href":"https:\/\/www.sibuscascoche.com\/noticias\/wp-json\/wp\/v2\/comments?post=10258"}],"version-history":[{"count":7,"href":"https:\/\/www.sibuscascoche.com\/noticias\/wp-json\/wp\/v2\/posts\/10258\/revisions"}],"predecessor-version":[{"id":10691,"href":"https:\/\/www.sibuscascoche.com\/noticias\/wp-json\/wp\/v2\/posts\/10258\/revisions\/10691"}],"wp:featuredmedia":[{"embeddable":true,"href":"https:\/\/www.sibuscascoche.com\/noticias\/wp-json\/wp\/v2\/media\/10260"}],"wp:attachment":[{"href":"https:\/\/www.sibuscascoche.com\/noticias\/wp-json\/wp\/v2\/media?parent=10258"}],"wp:term":[{"taxonomy":"category","embeddable":true,"href":"https:\/\/www.sibuscascoche.com\/noticias\/wp-json\/wp\/v2\/categories?post=10258"},{"taxonomy":"post_tag","embeddable":true,"href":"https:\/\/www.sibuscascoche.com\/noticias\/wp-json\/wp\/v2\/tags?post=10258"}],"curies":[{"name":"wp","href":"https:\/\/api.w.org\/{rel}","templated":true}]}}