{"id":10226,"date":"2017-02-17T13:46:30","date_gmt":"2017-02-17T12:46:30","guid":{"rendered":"https:\/\/www.sibuscascoche.com\/noticias\/?p=10226"},"modified":"2017-02-17T13:46:30","modified_gmt":"2017-02-17T12:46:30","slug":"suzuki-ignis-2017-comprar-coche-compacto-versatil-con-personalidad","status":"publish","type":"post","link":"https:\/\/www.sibuscascoche.com\/noticias\/2017\/suzuki-ignis-2017-comprar-coche-compacto-versatil-con-personalidad\/","title":{"rendered":"Suzuki Ignis 2017: compacto, vers\u00e1til y con mucha personalidad"},"content":{"rendered":"<p>El nuevo <strong>Suzuki Ignis<\/strong> no tiene parecido con ning\u00fan otro coche. La marca nipona, que siempre se ha caracterizado por sus tototerrenos y sus coches peque\u00f1os -el <a href=\"https:\/\/www.sibuscascoche.com\/noticias\/2014\/pequeno-completo-el-segundo-suzuki-celerio\/\" target=\"_blank\">Suzuki Celerio<\/a>, por ejemplo-, traer\u00e1 al mercado europeo una propuesta que combina ambas ideas: un coche de<strong> tama\u00f1o peque\u00f1o<\/strong> pero lo suficientemente <strong>robusto<\/strong> para convencer a los que buscan <strong>comprar coche<\/strong> con aspecto de crossover.<\/p>\n<p>Por sus dimensiones no cabe duda de que es un coche destinado especialmente a la <strong>vida urbana<\/strong>: mide 3,7 metros de largo, 1,66 metros de ancho y 1,59 de alto. Sin embargo, sus 18 cm de altura m\u00ednima al suelo lo convierten en un veh\u00edculo capaz de adentrarse en <strong>terrenos m\u00e1s irregulares<\/strong> gracias a la ayuda del sistema <strong>Allgrip Auto 4&#215;4<\/strong> de Suzuki.<\/p>\n<p><img loading=\"lazy\" decoding=\"async\" class=\"alignright size-full wp-image-10230\" alt=\"comprar-coche-suzuki-ignis-2017\" src=\"https:\/\/www.sibuscascoche.com\/noticias\/wp-content\/uploads\/2017\/01\/comprar-coche-Suzuki-Ignis-2017-interior.jpg\" width=\"300\" height=\"200\" \/><\/p>\n<p>Si hablamos de su particular <strong>dise\u00f1o<\/strong>, destacan en \u00e9l sus formas cuadradas que garantizan un interior amplio y dan sensaci\u00f3n de robustez al mismo tiempo. En el frontal tiene unos llamativos faros con tecnolog\u00eda LED y la carrocer\u00eda podr\u00e1 elegirse hasta en <strong>14 colores diferentes<\/strong> incluyendo tres nuevos y varias combinaciones bitono (con techo negro). En el <strong>interior<\/strong> se busca la amplitud y la imagen de crossover apostando por las l\u00edneas horizontales y por diferentes materiales. Adem\u00e1s, los tonos del interior se pueden combinar con los de la carrocer\u00eda consiguiendo as\u00ed la<strong> m\u00e1xima personalizaci\u00f3n<\/strong>.<\/p>\n<p>El Suzuki Ignis contar\u00e1 con <strong>dos opciones de motorizaci\u00f3n<\/strong>: un motor de<strong> gasolina<\/strong> con 4 cilindros, 16 v\u00e1lvulas y 90 CV; y otra variante que ser\u00e1 una <strong>soluci\u00f3n h\u00edbrida<\/strong>. Esta \u00faltima incorpora al motor t\u00e9rmico un peque\u00f1o motor el\u00e9ctrico con 3CV de potencia que le proporciona asistencia en las fases de aceleraci\u00f3n y ayuda a reducir ligeramente el consumo de combustible. Ambas versiones contar\u00e1n con una caja de cambios manual de<strong> 5 velocidades<\/strong> y podremos optar por la tracci\u00f3n total o <strong>4&#215;4<\/strong> -con Hill Descent Control y Grip Control-, convirtiendo as\u00ed el Suzuki Ignis en un coche muy polivalente.<\/p>\n<p>A nuestro pa\u00eds llegar\u00e1n dos versiones: <strong>GLE<\/strong> y <strong>GLX<\/strong>. La primera de ellas cuenta con un equipamiento de serie que incluye las llantas de aleaci\u00f3n de 16\u201d en color negro, las barras en el techo o el <strong>sistema de infoentretenimiento<\/strong> con pantalla t\u00e1ctil de 7\u201d y conectividad Apple Car Play, Android Car Auto y MirrorLink. La versi\u00f3n GLX incorpora iluminaci\u00f3n LED, navegador integrado o los sistemas de seguridad de asistente de cambio de carril, de fatiga o de frenado de emergencia, gracias a dos c\u00e1maras situadas en el retrovisor interior.<\/p>\n<p>No cabe duda de que estamos ante un coche muy vers\u00e1til, con mucha <strong>personalidad<\/strong> y al que cuesta encuadrar dentro de un \u00fanico segmento. Probablemente donde mejor encaja es dentro de la familia de los <strong>SUV ultracompactos<\/strong>.<\/p>\n<p class=\"MsoNormal\">\n","protected":false},"excerpt":{"rendered":"<p>El nuevo Suzuki Ignis no tiene parecido con ning\u00fan otro coche. La marca nipona, que siempre se ha caracterizado por sus tototerrenos y sus coches peque\u00f1os -el Suzuki Celerio, por<\/p>\n","protected":false},"author":6,"featured_media":10229,"comment_status":"closed","ping_status":"open","sticky":false,"template":"","format":"standard","meta":{"footnotes":""},"categories":[1,10,8],"tags":[66,1105,769,23],"class_list":["post-10226","post","type-post","status-publish","format-standard","has-post-thumbnail","hentry","category-actualidad","category-hibridos-electricos","category-lanzamientos","tag-compacto","tag-ignis","tag-suzuki","tag-todoterreno"],"_links":{"self":[{"href":"https:\/\/www.sibuscascoche.com\/noticias\/wp-json\/wp\/v2\/posts\/10226","targetHints":{"allow":["GET"]}}],"collection":[{"href":"https:\/\/www.sibuscascoche.com\/noticias\/wp-json\/wp\/v2\/posts"}],"about":[{"href":"https:\/\/www.sibuscascoche.com\/noticias\/wp-json\/wp\/v2\/types\/post"}],"author":[{"embeddable":true,"href":"https:\/\/www.sibuscascoche.com\/noticias\/wp-json\/wp\/v2\/users\/6"}],"replies":[{"embeddable":true,"href":"https:\/\/www.sibuscascoche.com\/noticias\/wp-json\/wp\/v2\/comments?post=10226"}],"version-history":[{"count":4,"href":"https:\/\/www.sibuscascoche.com\/noticias\/wp-json\/wp\/v2\/posts\/10226\/revisions"}],"predecessor-version":[{"id":10232,"href":"https:\/\/www.sibuscascoche.com\/noticias\/wp-json\/wp\/v2\/posts\/10226\/revisions\/10232"}],"wp:featuredmedia":[{"embeddable":true,"href":"https:\/\/www.sibuscascoche.com\/noticias\/wp-json\/wp\/v2\/media\/10229"}],"wp:attachment":[{"href":"https:\/\/www.sibuscascoche.com\/noticias\/wp-json\/wp\/v2\/media?parent=10226"}],"wp:term":[{"taxonomy":"category","embeddable":true,"href":"https:\/\/www.sibuscascoche.com\/noticias\/wp-json\/wp\/v2\/categories?post=10226"},{"taxonomy":"post_tag","embeddable":true,"href":"https:\/\/www.sibuscascoche.com\/noticias\/wp-json\/wp\/v2\/tags?post=10226"}],"curies":[{"name":"wp","href":"https:\/\/api.w.org\/{rel}","templated":true}]}}