{"id":10204,"date":"2017-03-10T15:36:16","date_gmt":"2017-03-10T14:36:16","guid":{"rendered":"https:\/\/www.sibuscascoche.com\/noticias\/?p=10204"},"modified":"2017-03-13T15:36:25","modified_gmt":"2017-03-13T14:36:25","slug":"opel-ampera-e-ofrece-500-kilometros-autonomia","status":"publish","type":"post","link":"https:\/\/www.sibuscascoche.com\/noticias\/2017\/opel-ampera-e-ofrece-500-kilometros-autonomia\/","title":{"rendered":"El Opel Ampera-e ofrece 500 kil\u00f3metros de autonom\u00eda"},"content":{"rendered":"<p>El Opel Ampera-e, el <strong>nuevo coche el\u00e9ctrico de Opel<\/strong> es, por sus dimensiones, un coche de tama\u00f1o medio, parecido al Corsa, con formas de monovolumen, pero tama\u00f1o de compacto (4,19 metros de largo), con 5<strong> plazas y un maletero de 381 litro<\/strong>s. Este nuevo Opel es un coche con un dise\u00f1o muy marcado, pero cuya principal caracter\u00edstica no es esta, si no que, al tratarse de un el\u00e9ctrico, lo que resulta m\u00e1s destacable es su<strong> autonom\u00eda<\/strong>, que en este caso es<strong>\u00a0de 500 kil\u00f3metros<\/strong>. Alcanza as\u00ed la de los coches Tesla, que hasta ahora eran los que mayor autonom\u00eda ten\u00edan, por delante de algunos como el e-Golf con sus 300 km o el Renault Zoe que logra exprimir unos 400 km.<\/p>\n<p><img loading=\"lazy\" decoding=\"async\" class=\"size-full wp-image-10211 alignright\" alt=\"Opel ocasi\u00f3n\" src=\"https:\/\/www.sibuscascoche.com\/noticias\/wp-content\/uploads\/2017\/01\/Operl-Ampera-e-enchufe.jpg\" width=\"300\" height=\"200\" \/><\/p>\n<p>Si volvemos al tema del tama\u00f1o surge una pregunta, \u00bfde d\u00f3nde sale toda esa autonom\u00eda? Pues los dise\u00f1adores de Opel han dado con una soluci\u00f3n relativamente obvia, las<strong> bater\u00edas de iones de litio ocupan<\/strong> toda la superficie que hay entre las ruedas delanteras y las traseras, es decir, pr\u00e1cticamente cubren<strong> todo el habit\u00e1culo del coche en los bajos<\/strong>. As\u00ed, tienen <strong>60 kWh de capacidad<\/strong>, con un motor de 152 kW (<strong>204 cv de potencia<\/strong>) y un par motor casi instant\u00e1neo de 360 Nm.<\/p>\n<p>Pero adem\u00e1s tiene una <strong>velocidad m\u00e1xima de 150 km\/h<\/strong> y un arranque de<strong> 0 a 50 en 3,2 segundos<\/strong> y, lo que es mejor, <strong>pasa de 80 a 120 km\/h<\/strong> (lo que podemos considerar una t\u00edpica <strong>maniobra de adelantamiento<\/strong>) en <strong>4,5 segundos<\/strong>.<\/p>\n<p>Sin duda el Opel Ampera- e promete ser uno de los coches revolucionarios de este a\u00f1o que entra, y comienza a hacer realidad el sue\u00f1o de muchos de que nuestras carreteras est\u00e9n plagadas, por fin, de coches el\u00e9ctricos con gran autonom\u00eda y dise\u00f1o moderno.<\/p>\n","protected":false},"excerpt":{"rendered":"<p>El Opel Ampera-e, el nuevo coche el\u00e9ctrico de Opel es, por sus dimensiones, un coche de tama\u00f1o medio, parecido al Corsa, con formas de monovolumen, pero tama\u00f1o de compacto (4,19<\/p>\n","protected":false},"author":1,"featured_media":10210,"comment_status":"closed","ping_status":"open","sticky":false,"template":"","format":"standard","meta":{"footnotes":""},"categories":[1],"tags":[],"class_list":["post-10204","post","type-post","status-publish","format-standard","has-post-thumbnail","hentry","category-actualidad"],"_links":{"self":[{"href":"https:\/\/www.sibuscascoche.com\/noticias\/wp-json\/wp\/v2\/posts\/10204","targetHints":{"allow":["GET"]}}],"collection":[{"href":"https:\/\/www.sibuscascoche.com\/noticias\/wp-json\/wp\/v2\/posts"}],"about":[{"href":"https:\/\/www.sibuscascoche.com\/noticias\/wp-json\/wp\/v2\/types\/post"}],"author":[{"embeddable":true,"href":"https:\/\/www.sibuscascoche.com\/noticias\/wp-json\/wp\/v2\/users\/1"}],"replies":[{"embeddable":true,"href":"https:\/\/www.sibuscascoche.com\/noticias\/wp-json\/wp\/v2\/comments?post=10204"}],"version-history":[{"count":9,"href":"https:\/\/www.sibuscascoche.com\/noticias\/wp-json\/wp\/v2\/posts\/10204\/revisions"}],"predecessor-version":[{"id":10697,"href":"https:\/\/www.sibuscascoche.com\/noticias\/wp-json\/wp\/v2\/posts\/10204\/revisions\/10697"}],"wp:featuredmedia":[{"embeddable":true,"href":"https:\/\/www.sibuscascoche.com\/noticias\/wp-json\/wp\/v2\/media\/10210"}],"wp:attachment":[{"href":"https:\/\/www.sibuscascoche.com\/noticias\/wp-json\/wp\/v2\/media?parent=10204"}],"wp:term":[{"taxonomy":"category","embeddable":true,"href":"https:\/\/www.sibuscascoche.com\/noticias\/wp-json\/wp\/v2\/categories?post=10204"},{"taxonomy":"post_tag","embeddable":true,"href":"https:\/\/www.sibuscascoche.com\/noticias\/wp-json\/wp\/v2\/tags?post=10204"}],"curies":[{"name":"wp","href":"https:\/\/api.w.org\/{rel}","templated":true}]}}