{"id":102,"date":"2013-09-15T17:26:01","date_gmt":"2013-09-15T15:26:01","guid":{"rendered":"https:\/\/www.sibuscascoche.com\/noticias\/?p=102"},"modified":"2015-02-02T10:54:33","modified_gmt":"2015-02-02T09:54:33","slug":"el-rally-principe-de-asturias-celebra-su-medio-siglo","status":"publish","type":"post","link":"https:\/\/www.sibuscascoche.com\/noticias\/2013\/el-rally-principe-de-asturias-celebra-su-medio-siglo\/","title":{"rendered":"El Rally Pr\u00edncipe de Asturias celebra su medio siglo"},"content":{"rendered":"<p>Este 2013 podremos disfrutar del 50 Rally Pr\u00edncipe de Asturias, la m\u00edtica prueba asturiana tendr\u00e1 lugar entre el 14 y el 15 de septiembre, mayoritariamente estar\u00e1 centrada en el municipio de Cangas del Narcea.<\/p>\n<p><img loading=\"lazy\" decoding=\"async\" class=\"alignright size-full wp-image-3921\" alt=\"coches ocasi\u00f3n, coches baratos Galicia\" src=\"https:\/\/www.sibuscascoche.com\/noticias\/wp-content\/uploads\/2013\/09\/SBC_rally-principe-asturias_2.jpg\" width=\"300\" height=\"200\" \/><\/p>\n<p>Consta de once tramos cronometrados y es puntuable para la Copa de Europa, el Campeonato de Espa\u00f1a y el de Asturias. Destaca la presencia del italiano Luca Betti y la de Luis Monz\u00f3n que es l\u00edder actual del campeonato, seguido de cerca por Alberto Meira, Miguel Fuster y Alejandro Pa\u00eds que tambi\u00e9n disputar\u00e1n la prueba. Los asturianos Alberto Hevia, Oscar Palacio, Esteban Vall\u00edn, Jose Antonio Su\u00e1rez y el vigente ganador de la prueba Joan Vinyes tambi\u00e9n participar\u00e1n en esta competici\u00f3n.<\/p>\n<p>La ceremonia de salida comenzar\u00e1 este viernes 13 a las 18:00 horas en el centro de Oviedo, pero la lucha por el p\u00f3dium se celebrar\u00e1 durante el s\u00e1bado 14\u00a0 y el domingo 15.<\/p>\n","protected":false},"excerpt":{"rendered":"<p>Este 2013 podremos disfrutar del 50 Rally Pr\u00edncipe de Asturias, la m\u00edtica prueba asturiana tendr\u00e1 lugar entre el 14 y el 15 de septiembre, mayoritariamente estar\u00e1 centrada en el municipio<\/p>\n","protected":false},"author":1,"featured_media":3920,"comment_status":"closed","ping_status":"open","sticky":false,"template":"","format":"standard","meta":{"footnotes":""},"categories":[9],"tags":[57],"class_list":["post-102","post","type-post","status-publish","format-standard","has-post-thumbnail","hentry","category-eventos","tag-rally"],"_links":{"self":[{"href":"https:\/\/www.sibuscascoche.com\/noticias\/wp-json\/wp\/v2\/posts\/102","targetHints":{"allow":["GET"]}}],"collection":[{"href":"https:\/\/www.sibuscascoche.com\/noticias\/wp-json\/wp\/v2\/posts"}],"about":[{"href":"https:\/\/www.sibuscascoche.com\/noticias\/wp-json\/wp\/v2\/types\/post"}],"author":[{"embeddable":true,"href":"https:\/\/www.sibuscascoche.com\/noticias\/wp-json\/wp\/v2\/users\/1"}],"replies":[{"embeddable":true,"href":"https:\/\/www.sibuscascoche.com\/noticias\/wp-json\/wp\/v2\/comments?post=102"}],"version-history":[{"count":10,"href":"https:\/\/www.sibuscascoche.com\/noticias\/wp-json\/wp\/v2\/posts\/102\/revisions"}],"predecessor-version":[{"id":3922,"href":"https:\/\/www.sibuscascoche.com\/noticias\/wp-json\/wp\/v2\/posts\/102\/revisions\/3922"}],"wp:featuredmedia":[{"embeddable":true,"href":"https:\/\/www.sibuscascoche.com\/noticias\/wp-json\/wp\/v2\/media\/3920"}],"wp:attachment":[{"href":"https:\/\/www.sibuscascoche.com\/noticias\/wp-json\/wp\/v2\/media?parent=102"}],"wp:term":[{"taxonomy":"category","embeddable":true,"href":"https:\/\/www.sibuscascoche.com\/noticias\/wp-json\/wp\/v2\/categories?post=102"},{"taxonomy":"post_tag","embeddable":true,"href":"https:\/\/www.sibuscascoche.com\/noticias\/wp-json\/wp\/v2\/tags?post=102"}],"curies":[{"name":"wp","href":"https:\/\/api.w.org\/{rel}","templated":true}]}}