{"id":10159,"date":"2017-02-17T13:51:05","date_gmt":"2017-02-17T12:51:05","guid":{"rendered":"https:\/\/www.sibuscascoche.com\/noticias\/?p=10159"},"modified":"2017-02-17T13:51:05","modified_gmt":"2017-02-17T12:51:05","slug":"bmw-x2-suv-peculiar-llegara-2018","status":"publish","type":"post","link":"https:\/\/www.sibuscascoche.com\/noticias\/2017\/bmw-x2-suv-peculiar-llegara-2018\/","title":{"rendered":"BMW X2: un SUV peculiar que llegar\u00e1 en el 2018"},"content":{"rendered":"<p>El BMW X2 hizo su aparici\u00f3n durante el pasado Sal\u00f3n de Par\u00eds en forma de<strong> prototipo<\/strong> \u2013 de ah\u00ed la denominaci\u00f3n \u201cX2 Concept\u201d- de manera que ya podemos adelantarte con mucha precisi\u00f3n sus caracter\u00edsticas. Aunque no llegar\u00e1 a las carreteras antes del 2018, el X2 se une a la amplia variedad de modelos que a d\u00eda de hoy ofrecen las marcas para los que se deciden a\u00a0<a href=\"https:\/\/www.sibuscascoche.com\/carroceria\/todoterreno\" target=\"_blank\"><strong>comprar coche<\/strong><\/a>\u00a0dentro del segmento de los<strong> SUV urbanos<\/strong>.<\/p>\n<p>El nuevo modelo se asienta sobre la <strong>plataforma del BMW X1<\/strong> situ\u00e1ndose un escal\u00f3n por encima de \u00e9l en lo que a <strong>dise\u00f1o diferencial<\/strong> y <strong>deportividad<\/strong> se refiere. La firma alemana insiste as\u00ed en su apuesta de crear todocaminos con formas coup\u00e9 apostando en el caso del X2 por un dise\u00f1o original enfocado hacia un p\u00fablico juvenil, deportivo y preferentemente urbano.<\/p>\n<p><img loading=\"lazy\" decoding=\"async\" class=\"alignright size-full wp-image-10162\" alt=\"comprar-coche-BMW-X2-frontal\" src=\"https:\/\/www.sibuscascoche.com\/noticias\/wp-content\/uploads\/2017\/01\/comprar-coche-BMW-X2-frontal.jpg\" width=\"300\" height=\"200\" \/><\/p>\n<p>En el <strong>exterior<\/strong> luce molduras de protecci\u00f3n en negro y grandes neum\u00e1ticos mixtos con llantas de 21 pulgadas. Aunque BMW habla de <strong>inspiraci\u00f3n coup\u00e9<\/strong>, comprobamos que su voladizo trasero y la luneta posterior no presenten una ca\u00edda tan acusada como suele ser habitual en este segmento. En su lugar, la <strong>filosof\u00eda deportiva<\/strong> se ha trasladado al frontal que es prominente, con una inmensa parrilla y unas defensas muy agresivas, con muchos cromados y un cap\u00f3 estirado y largo.<\/p>\n<p>El BMW X2 es un coche <strong>ancho y musculoso<\/strong> en el que est\u00e1n presentes los detalles de un todoterreno como pueden ser el revestimiento de los bajos o los pasos de rueda.<\/p>\n<p>Todav\u00eda es muy pronto para hablar de motorizaciones ya que la marca todav\u00eda no ha confirmado plazos ni tampoco muchos detalles acerca de la presentaci\u00f3n y el lanzamiento del modelo de producci\u00f3n definitivo. Lo que est\u00e1 claro es que su filosof\u00eda se basa en la fusi\u00f3n de dos conceptos: la <strong>versatilidad<\/strong> de un todocamino con la imagen de un veh\u00edculo con un marcado <strong>car\u00e1cter deportivo<\/strong>. El resultado es un coche francamente atractivo.<\/p>\n","protected":false},"excerpt":{"rendered":"<p>El BMW X2 hizo su aparici\u00f3n durante el pasado Sal\u00f3n de Par\u00eds en forma de prototipo \u2013 de ah\u00ed la denominaci\u00f3n \u201cX2 Concept\u201d- de manera que ya podemos adelantarte con<\/p>\n","protected":false},"author":6,"featured_media":10161,"comment_status":"closed","ping_status":"open","sticky":false,"template":"","format":"standard","meta":{"footnotes":""},"categories":[1],"tags":[],"class_list":["post-10159","post","type-post","status-publish","format-standard","has-post-thumbnail","hentry","category-actualidad"],"_links":{"self":[{"href":"https:\/\/www.sibuscascoche.com\/noticias\/wp-json\/wp\/v2\/posts\/10159","targetHints":{"allow":["GET"]}}],"collection":[{"href":"https:\/\/www.sibuscascoche.com\/noticias\/wp-json\/wp\/v2\/posts"}],"about":[{"href":"https:\/\/www.sibuscascoche.com\/noticias\/wp-json\/wp\/v2\/types\/post"}],"author":[{"embeddable":true,"href":"https:\/\/www.sibuscascoche.com\/noticias\/wp-json\/wp\/v2\/users\/6"}],"replies":[{"embeddable":true,"href":"https:\/\/www.sibuscascoche.com\/noticias\/wp-json\/wp\/v2\/comments?post=10159"}],"version-history":[{"count":4,"href":"https:\/\/www.sibuscascoche.com\/noticias\/wp-json\/wp\/v2\/posts\/10159\/revisions"}],"predecessor-version":[{"id":10165,"href":"https:\/\/www.sibuscascoche.com\/noticias\/wp-json\/wp\/v2\/posts\/10159\/revisions\/10165"}],"wp:featuredmedia":[{"embeddable":true,"href":"https:\/\/www.sibuscascoche.com\/noticias\/wp-json\/wp\/v2\/media\/10161"}],"wp:attachment":[{"href":"https:\/\/www.sibuscascoche.com\/noticias\/wp-json\/wp\/v2\/media?parent=10159"}],"wp:term":[{"taxonomy":"category","embeddable":true,"href":"https:\/\/www.sibuscascoche.com\/noticias\/wp-json\/wp\/v2\/categories?post=10159"},{"taxonomy":"post_tag","embeddable":true,"href":"https:\/\/www.sibuscascoche.com\/noticias\/wp-json\/wp\/v2\/tags?post=10159"}],"curies":[{"name":"wp","href":"https:\/\/api.w.org\/{rel}","templated":true}]}}