{"id":10148,"date":"2017-02-10T19:44:10","date_gmt":"2017-02-10T18:44:10","guid":{"rendered":"https:\/\/www.sibuscascoche.com\/noticias\/?p=10148"},"modified":"2017-02-10T19:44:10","modified_gmt":"2017-02-10T18:44:10","slug":"audi-prepara-a9-berlina-electrica-lujo-tintes-deportivos","status":"publish","type":"post","link":"https:\/\/www.sibuscascoche.com\/noticias\/2017\/audi-prepara-a9-berlina-electrica-lujo-tintes-deportivos\/","title":{"rendered":"Audi prepara el A9: una berlina el\u00e9ctrica de lujo y con tintes deportivos"},"content":{"rendered":"<p>El nuevo Audi A9 se situar\u00e1 como<strong> la berlina m\u00e1s lujosa y exclusiva<\/strong> de la marca alemana. Su dise\u00f1o ha sido anticipado durante los \u00faltimos a\u00f1os con los prototipos del Prologue Concept y ahora se confirma el desarrollo de este modelo que se presenta como uno de los abanderados de la <strong>revoluci\u00f3n el\u00e9ctrica<\/strong>.<\/p>\n<p>El Audi A9 contar\u00e1 con la nueva plataforma modular longitudinal de aluminio de la marca y los dispositivos y funcionalidades de <strong>conducci\u00f3n aut\u00f3noma<\/strong> que incluye tambi\u00e9n el nuevo A8. Si bien este \u00faltimo cuenta con hasta tres niveles de automatizaci\u00f3n, el A9 ser\u00e1 el primer Audi en llegar al \u201c<strong>Nivel 4<\/strong>\u201d. Esto significa que podr\u00e1 circular a m\u00e1s de 60 km\/hora por carreteras y caminos urbanos sin necesidad de que un conductor lo controle.<\/p>\n<p>Si nos fijamos en su exterior, y bas\u00e1ndonos en el dise\u00f1o del Prologue Concept, el Audi A9 contar\u00e1 con m\u00e1s de <strong>5 metros de largo<\/strong> y una parrilla integrada en el frontal m\u00e1s ancha y m\u00e1s baja que en el resto de modelos de la casa. Los faros delanteros llevan tecnolog\u00eda l\u00e1ser Matrix de alta definici\u00f3n mientras que los grupos \u00f3pticos traseros son LED con cristal 3D.<\/p>\n<p><img loading=\"lazy\" decoding=\"async\" class=\"alignright size-medium wp-image-10151\" alt=\"comprar-coche-Audi-A9\" src=\"https:\/\/www.sibuscascoche.com\/noticias\/wp-content\/uploads\/2017\/01\/coche-Audi-A9-interior-300x199.jpg\" width=\"300\" height=\"199\" srcset=\"https:\/\/www.sibuscascoche.com\/noticias\/wp-content\/uploads\/2017\/01\/coche-Audi-A9-interior-300x199.jpg 300w, https:\/\/www.sibuscascoche.com\/noticias\/wp-content\/uploads\/2017\/01\/coche-Audi-A9-interior.jpg 1013w\" sizes=\"auto, (max-width: 300px) 100vw, 300px\" \/><\/p>\n<p>En el interior, el futuro Audi A9 incorpora la <strong>tecnolog\u00eda \u00abButler\u201d<\/strong> que permite mediante la sincronizaci\u00f3n con sus smartphones, reconocer a los pasajeros habituales ajustando la posici\u00f3n de los asientos y el aire acondicionado a su gusto. El sistema tambi\u00e9n ofrece propuestas en lo que respecta a la m\u00fasica y a la planificaci\u00f3n de rutas, basadas en las preferencias del propietario.<\/p>\n<p>A nivel mec\u00e1nico, el A9 contar\u00e1 con <strong>tres motores el\u00e9ctricos<\/strong>, dos sobre el eje trasero y uno sobre el delantero. Seg\u00fan los responsables de la marca, el par es repartido entre las cuatro ruedas de manera inteligente, siendo en el eje trasero repartido de manera individual, en cada una de las ruedas. La autonom\u00eda m\u00e1xima estar\u00e1 en torno a los <strong>500 kil\u00f3metros<\/strong> y alcanzar\u00e1 una potencia de <strong>435 CV<\/strong> en <strong>modo Drive<\/strong> aumentando hasta los <strong>503 CV<\/strong> al activar el <strong>modo Sport<\/strong>.<\/p>\n<p>Esta nueva berlina deportiva est\u00e1 destinada a convertirse en el <strong>estandarte tecnol\u00f3gico<\/strong> de la marca y entrar\u00e1 a competir directamente con el Modelo S de Tesla. Todav\u00eda no se sabe la fecha en la que llegar\u00e1 al mercado el nuevo Audi A9 pero si eres de los que no les gusta esperar, en <a href=\"https:\/\/www.sibuscascoche.com\/\" target=\"_blank\"><strong>Sibuscascoche.com<\/strong><\/a>, nuestro portal para <strong>comprar coche ocasi\u00f3n<\/strong>, puedes encontrar una amplia variedad de ofertas para comprar <a href=\"https:\/\/www.sibuscascoche.com\/coches-ocasion\/audi\" target=\"_blank\"><strong>coche Audi segunda mano<\/strong><\/a>.<\/p>\n","protected":false},"excerpt":{"rendered":"<p>El nuevo Audi A9 se situar\u00e1 como la berlina m\u00e1s lujosa y exclusiva de la marca alemana. Su dise\u00f1o ha sido anticipado durante los \u00faltimos a\u00f1os con los prototipos del<\/p>\n","protected":false},"author":6,"featured_media":10152,"comment_status":"closed","ping_status":"open","sticky":false,"template":"","format":"standard","meta":{"footnotes":""},"categories":[1,10,8],"tags":[1100,1434,619],"class_list":["post-10148","post","type-post","status-publish","format-standard","has-post-thumbnail","hentry","category-actualidad","category-hibridos-electricos","category-lanzamientos","tag-audi-a9","tag-berlina","tag-coche-electrico"],"_links":{"self":[{"href":"https:\/\/www.sibuscascoche.com\/noticias\/wp-json\/wp\/v2\/posts\/10148","targetHints":{"allow":["GET"]}}],"collection":[{"href":"https:\/\/www.sibuscascoche.com\/noticias\/wp-json\/wp\/v2\/posts"}],"about":[{"href":"https:\/\/www.sibuscascoche.com\/noticias\/wp-json\/wp\/v2\/types\/post"}],"author":[{"embeddable":true,"href":"https:\/\/www.sibuscascoche.com\/noticias\/wp-json\/wp\/v2\/users\/6"}],"replies":[{"embeddable":true,"href":"https:\/\/www.sibuscascoche.com\/noticias\/wp-json\/wp\/v2\/comments?post=10148"}],"version-history":[{"count":8,"href":"https:\/\/www.sibuscascoche.com\/noticias\/wp-json\/wp\/v2\/posts\/10148\/revisions"}],"predecessor-version":[{"id":10158,"href":"https:\/\/www.sibuscascoche.com\/noticias\/wp-json\/wp\/v2\/posts\/10148\/revisions\/10158"}],"wp:featuredmedia":[{"embeddable":true,"href":"https:\/\/www.sibuscascoche.com\/noticias\/wp-json\/wp\/v2\/media\/10152"}],"wp:attachment":[{"href":"https:\/\/www.sibuscascoche.com\/noticias\/wp-json\/wp\/v2\/media?parent=10148"}],"wp:term":[{"taxonomy":"category","embeddable":true,"href":"https:\/\/www.sibuscascoche.com\/noticias\/wp-json\/wp\/v2\/categories?post=10148"},{"taxonomy":"post_tag","embeddable":true,"href":"https:\/\/www.sibuscascoche.com\/noticias\/wp-json\/wp\/v2\/tags?post=10148"}],"curies":[{"name":"wp","href":"https:\/\/api.w.org\/{rel}","templated":true}]}}