{"id":10133,"date":"2017-02-03T17:32:31","date_gmt":"2017-02-03T16:32:31","guid":{"rendered":"https:\/\/www.sibuscascoche.com\/noticias\/?p=10133"},"modified":"2017-02-03T17:32:31","modified_gmt":"2017-02-03T16:32:31","slug":"porsche-911-gt3-2017-esta-punto-de-debutar","status":"publish","type":"post","link":"https:\/\/www.sibuscascoche.com\/noticias\/2017\/porsche-911-gt3-2017-esta-punto-de-debutar\/","title":{"rendered":"El Porsche 911 GT3 2017 est\u00e1 a punto de debutar"},"content":{"rendered":"<p>La marca Porsche est\u00e1 inmersa en un proceso de actualizaci\u00f3n de todas las variantes de la gama 911 y ahora es el turno del <strong>Porsche 911 GT3<\/strong> que ya est\u00e1 casi listo para su debut. Las \u00faltimas im\u00e1genes del modelo m\u00e1s potente de la gama se han captado en el circuito de N\u00fcrburgring y se prev\u00e9 que llegue al mercado a finales de 2017 o en el primer trimestre del 2018.<\/p>\n<p>En el caso de este modelo, no podemos hablar de grandes cambios sino m\u00e1s bien de un<strong> restyling<\/strong>. De hecho, a nivel est\u00e9tico no sufre apenas modificaciones a juzgar por las \u00faltimas im\u00e1genes que llegan del circuito alem\u00e1n y como viene siendo habitual en la marca Porsche. S\u00ed se pueden apreciar <strong>peque\u00f1os detalles diferenciadores<\/strong>. En la parte trasera destaca la doble salida de escape y el habitual aler\u00f3n, se\u00f1a de identidad del RS, mientras que en el frontal apreciamos una gran apertura que ocupa casi todo el parachoques delantero que tambi\u00e9n incluye las ya imprescindibles luces de d\u00eda.<\/p>\n<p><img loading=\"lazy\" decoding=\"async\" class=\"size-full wp-image-10134 alignright\" alt=\"comprar-Porsche-segunda-mano\" src=\"https:\/\/www.sibuscascoche.com\/noticias\/wp-content\/uploads\/2017\/01\/comprar-coche-porsche-911-interior.jpg\" width=\"300\" height=\"200\" \/><\/p>\n<p>El habit\u00e1culo interior apenas presentar\u00e1 cambios respecto al modelo que Porsche comercializaba hasta hace poco y se prev\u00e9 que incorpore la \u00faltima versi\u00f3n del sistema de infoentretenimiento <strong>Porsche Communication Management System<\/strong>, con Android Auto y Apple CarPlay, adem\u00e1s de multitud de detalles deportivos.<\/p>\n<p>El Porsche 911 GT3 2017 contar\u00e1 con un<strong> cambio manual<\/strong> de seis velocidades, el mismo que han desarrollado para el Porsche 911 R 2016. Tambi\u00e9n mantendr\u00e1 la <strong>caja de cambios PDK<\/strong> de doble embrague, que se ofrecer\u00e1 en opci\u00f3n para los que deseen obtener los mejores tiempos en circuito.<\/p>\n<p>En lo que respecta al motor, se espera que siga siendo atmosf\u00e9rico y que se <strong>incremente su potencia<\/strong> de los 475 CV que produce ahora al medio millar. Deleitarse con el ruido que produce un motor de estas caracter\u00edsticas es algo que est\u00e1 al alcance de muy pocos aunque para los incondicionales de la marca siempre es una buena alternativa <a href=\"https:\/\/www.sibuscascoche.com\/coches-ocasion\/porsche\" target=\"_blank\"><strong>comprar coche Porsche segunda mano<\/strong><\/a>. Encontrar\u00e1s variedad de ofertas a trav\u00e9s del buscador de <a href=\"https:\/\/www.sibuscascoche.com\/\" target=\"_blank\">Sibuscascoche.com<\/a>.<\/p>\n","protected":false},"excerpt":{"rendered":"<p>La marca Porsche est\u00e1 inmersa en un proceso de actualizaci\u00f3n de todas las variantes de la gama 911 y ahora es el turno del Porsche 911 GT3 que ya est\u00e1<\/p>\n","protected":false},"author":6,"featured_media":10135,"comment_status":"closed","ping_status":"open","sticky":false,"template":"","format":"standard","meta":{"footnotes":""},"categories":[1,8],"tags":[834,1099],"class_list":["post-10133","post","type-post","status-publish","format-standard","has-post-thumbnail","hentry","category-actualidad","category-lanzamientos","tag-porsche-911","tag-pruebas"],"_links":{"self":[{"href":"https:\/\/www.sibuscascoche.com\/noticias\/wp-json\/wp\/v2\/posts\/10133","targetHints":{"allow":["GET"]}}],"collection":[{"href":"https:\/\/www.sibuscascoche.com\/noticias\/wp-json\/wp\/v2\/posts"}],"about":[{"href":"https:\/\/www.sibuscascoche.com\/noticias\/wp-json\/wp\/v2\/types\/post"}],"author":[{"embeddable":true,"href":"https:\/\/www.sibuscascoche.com\/noticias\/wp-json\/wp\/v2\/users\/6"}],"replies":[{"embeddable":true,"href":"https:\/\/www.sibuscascoche.com\/noticias\/wp-json\/wp\/v2\/comments?post=10133"}],"version-history":[{"count":6,"href":"https:\/\/www.sibuscascoche.com\/noticias\/wp-json\/wp\/v2\/posts\/10133\/revisions"}],"predecessor-version":[{"id":10141,"href":"https:\/\/www.sibuscascoche.com\/noticias\/wp-json\/wp\/v2\/posts\/10133\/revisions\/10141"}],"wp:featuredmedia":[{"embeddable":true,"href":"https:\/\/www.sibuscascoche.com\/noticias\/wp-json\/wp\/v2\/media\/10135"}],"wp:attachment":[{"href":"https:\/\/www.sibuscascoche.com\/noticias\/wp-json\/wp\/v2\/media?parent=10133"}],"wp:term":[{"taxonomy":"category","embeddable":true,"href":"https:\/\/www.sibuscascoche.com\/noticias\/wp-json\/wp\/v2\/categories?post=10133"},{"taxonomy":"post_tag","embeddable":true,"href":"https:\/\/www.sibuscascoche.com\/noticias\/wp-json\/wp\/v2\/tags?post=10133"}],"curies":[{"name":"wp","href":"https:\/\/api.w.org\/{rel}","templated":true}]}}